{"id":1829,"date":"2021-10-08T11:30:12","date_gmt":"2021-10-08T09:30:12","guid":{"rendered":"http:\/\/www.karate-sochaczew.pl\/?p=1829"},"modified":"2021-10-08T11:30:12","modified_gmt":"2021-10-08T09:30:12","slug":"puchar-europy-zdobyty","status":"publish","type":"post","link":"http:\/\/www.karate-sochaczew.pl\/index.php\/2021\/10\/08\/puchar-europy-zdobyty\/","title":{"rendered":"PUCHAR EUROPY  ZDOBYTY !!!!!!"},"content":{"rendered":"<div dir=\"auto\"><span class=\"pq6dq46d tbxw36s4 knj5qynh kvgmc6g5 ditlmg2l oygrvhab nvdbi5me sf5mxxl7 gl3lb2sf hhz5lgdu\"><img decoding=\"async\" loading=\"lazy\" src=\"https:\/\/static.xx.fbcdn.net\/images\/emoji.php\/v9\/t50\/1\/16\/1f525.png\" alt=\"?\" width=\"16\" height=\"16\" \/><\/span>Doskonale spisali si\u0119 nasi Karatecy na Pucharze Europy w Karate Tradycyjnym w Katowicach.<\/div>\n<div dir=\"auto\"><span class=\"pq6dq46d tbxw36s4 knj5qynh kvgmc6g5 ditlmg2l oygrvhab nvdbi5me sf5mxxl7 gl3lb2sf hhz5lgdu\"><img decoding=\"async\" loading=\"lazy\" src=\"https:\/\/static.xx.fbcdn.net\/images\/emoji.php\/v9\/t51\/1\/16\/1f449.png\" alt=\"?\" width=\"16\" height=\"16\" \/><\/span> <span class=\"pq6dq46d tbxw36s4 knj5qynh kvgmc6g5 ditlmg2l oygrvhab nvdbi5me sf5mxxl7 gl3lb2sf hhz5lgdu\"><img decoding=\"async\" loading=\"lazy\" src=\"https:\/\/static.xx.fbcdn.net\/images\/emoji.php\/v9\/t7a\/1\/16\/31_20e3.png\" alt=\"1\ufe0f\u20e3\" width=\"16\" height=\"16\" \/><\/span><span class=\"pq6dq46d tbxw36s4 knj5qynh kvgmc6g5 ditlmg2l oygrvhab nvdbi5me sf5mxxl7 gl3lb2sf hhz5lgdu\"><img decoding=\"async\" loading=\"lazy\" src=\"https:\/\/static.xx.fbcdn.net\/images\/emoji.php\/v9\/tbe\/1\/16\/1f3c6.png\" alt=\"?\" width=\"16\" height=\"16\" \/><\/span> miejsce w Kumite zdoby\u0142a Anna Wysocka<\/div>\n<div dir=\"auto\"><span class=\"pq6dq46d tbxw36s4 knj5qynh kvgmc6g5 ditlmg2l oygrvhab nvdbi5me sf5mxxl7 gl3lb2sf hhz5lgdu\"><img decoding=\"async\" loading=\"lazy\" src=\"https:\/\/static.xx.fbcdn.net\/images\/emoji.php\/v9\/t51\/1\/16\/1f449.png\" alt=\"?\" width=\"16\" height=\"16\" \/><\/span><span class=\"pq6dq46d tbxw36s4 knj5qynh kvgmc6g5 ditlmg2l oygrvhab nvdbi5me sf5mxxl7 gl3lb2sf hhz5lgdu\"><img decoding=\"async\" loading=\"lazy\" src=\"https:\/\/static.xx.fbcdn.net\/images\/emoji.php\/v9\/t7a\/1\/16\/31_20e3.png\" alt=\"1\ufe0f\u20e3\" width=\"16\" height=\"16\" \/><\/span><span class=\"pq6dq46d tbxw36s4 knj5qynh kvgmc6g5 ditlmg2l oygrvhab nvdbi5me sf5mxxl7 gl3lb2sf hhz5lgdu\"><img decoding=\"async\" loading=\"lazy\" src=\"https:\/\/static.xx.fbcdn.net\/images\/emoji.php\/v9\/tbe\/1\/16\/1f3c6.png\" alt=\"?\" width=\"16\" height=\"16\" \/><\/span> miejsce w Kumite zdoby\u0142 Franciszek O\u0142tarzewski<\/div>\n<div dir=\"auto\"><span class=\"pq6dq46d tbxw36s4 knj5qynh kvgmc6g5 ditlmg2l oygrvhab nvdbi5me sf5mxxl7 gl3lb2sf hhz5lgdu\"><img decoding=\"async\" loading=\"lazy\" src=\"https:\/\/static.xx.fbcdn.net\/images\/emoji.php\/v9\/t51\/1\/16\/1f449.png\" alt=\"?\" width=\"16\" height=\"16\" \/><\/span><span class=\"pq6dq46d tbxw36s4 knj5qynh kvgmc6g5 ditlmg2l oygrvhab nvdbi5me sf5mxxl7 gl3lb2sf hhz5lgdu\"><img decoding=\"async\" loading=\"lazy\" src=\"https:\/\/static.xx.fbcdn.net\/images\/emoji.php\/v9\/tb8\/1\/16\/33_20e3.png\" alt=\"3\ufe0f\u20e3\" width=\"16\" height=\"16\" \/><\/span> miejsce w Kumite zdoby\u0142 B\u0142a\u017cej Stelmach<\/div>\n<div dir=\"auto\"><span class=\"pq6dq46d tbxw36s4 knj5qynh kvgmc6g5 ditlmg2l oygrvhab nvdbi5me sf5mxxl7 gl3lb2sf hhz5lgdu\"><img decoding=\"async\" loading=\"lazy\" src=\"https:\/\/static.xx.fbcdn.net\/images\/emoji.php\/v9\/t51\/1\/16\/1f449.png\" alt=\"?\" width=\"16\" height=\"16\" \/><\/span><span class=\"pq6dq46d tbxw36s4 knj5qynh kvgmc6g5 ditlmg2l oygrvhab nvdbi5me sf5mxxl7 gl3lb2sf hhz5lgdu\"><img decoding=\"async\" loading=\"lazy\" src=\"https:\/\/static.xx.fbcdn.net\/images\/emoji.php\/v9\/tb8\/1\/16\/33_20e3.png\" alt=\"3\ufe0f\u20e3\" width=\"16\" height=\"16\" \/><\/span> miejsce w Kata zdoby\u0142 Franciszek O\u0142tarzewski<\/div>\n<div dir=\"auto\">Bardzo dobrze walczyli r\u00f3wnie\u017c, dobijaj\u0105c si\u0119 o stref\u0119 medalow\u0105:<\/div>\n<div dir=\"auto\"><span class=\"pq6dq46d tbxw36s4 knj5qynh kvgmc6g5 ditlmg2l oygrvhab nvdbi5me sf5mxxl7 gl3lb2sf hhz5lgdu\"><img decoding=\"async\" loading=\"lazy\" src=\"https:\/\/static.xx.fbcdn.net\/images\/emoji.php\/v9\/t7b\/1\/16\/1f7e1.png\" alt=\"?\" width=\"16\" height=\"16\" \/><\/span>Patrycja Wilczy\u0144ska<span class=\"pq6dq46d tbxw36s4 knj5qynh kvgmc6g5 ditlmg2l oygrvhab nvdbi5me sf5mxxl7 gl3lb2sf hhz5lgdu\"><img decoding=\"async\" loading=\"lazy\" src=\"https:\/\/static.xx.fbcdn.net\/images\/emoji.php\/v9\/t7b\/1\/16\/1f7e1.png\" alt=\"?\" width=\"16\" height=\"16\" \/><\/span>Amelia Jaskulska<span class=\"pq6dq46d tbxw36s4 knj5qynh kvgmc6g5 ditlmg2l oygrvhab nvdbi5me sf5mxxl7 gl3lb2sf hhz5lgdu\"><img decoding=\"async\" loading=\"lazy\" src=\"https:\/\/static.xx.fbcdn.net\/images\/emoji.php\/v9\/t7b\/1\/16\/1f7e1.png\" alt=\"?\" width=\"16\" height=\"16\" \/><\/span>Kuba \u015awi\u0105tkowski<span class=\"pq6dq46d tbxw36s4 knj5qynh kvgmc6g5 ditlmg2l oygrvhab nvdbi5me sf5mxxl7 gl3lb2sf hhz5lgdu\"><img decoding=\"async\" loading=\"lazy\" src=\"https:\/\/static.xx.fbcdn.net\/images\/emoji.php\/v9\/t7b\/1\/16\/1f7e1.png\" alt=\"?\" width=\"16\" height=\"16\" \/><\/span>Tomasz W\u0142odarczyk<span class=\"pq6dq46d tbxw36s4 knj5qynh kvgmc6g5 ditlmg2l oygrvhab nvdbi5me sf5mxxl7 gl3lb2sf hhz5lgdu\"><img decoding=\"async\" loading=\"lazy\" src=\"https:\/\/static.xx.fbcdn.net\/images\/emoji.php\/v9\/t7b\/1\/16\/1f7e1.png\" alt=\"?\" width=\"16\" height=\"16\" \/><\/span>Bartosz Cybulski<span class=\"pq6dq46d tbxw36s4 knj5qynh kvgmc6g5 ditlmg2l oygrvhab nvdbi5me sf5mxxl7 gl3lb2sf hhz5lgdu\"><img decoding=\"async\" loading=\"lazy\" src=\"https:\/\/static.xx.fbcdn.net\/images\/emoji.php\/v9\/t7b\/1\/16\/1f7e1.png\" alt=\"?\" width=\"16\" height=\"16\" \/><\/span>Marcel Kawecki<\/div>\n<div dir=\"auto\">Wszystkim serdecznie gratulujemy.<\/div>\n<div dir=\"auto\"><img decoding=\"async\" loading=\"lazy\" class=\"wp-image-1830 alignleft\" src=\"http:\/\/www.karate-sochaczew.pl\/wp-content\/uploads\/2021\/10\/1.jpg\" alt=\"1\" width=\"430\" height=\"286\" srcset=\"http:\/\/www.karate-sochaczew.pl\/wp-content\/uploads\/2021\/10\/1.jpg 1280w, http:\/\/www.karate-sochaczew.pl\/wp-content\/uploads\/2021\/10\/1-300x200.jpg 300w, http:\/\/www.karate-sochaczew.pl\/wp-content\/uploads\/2021\/10\/1-768x512.jpg 768w, http:\/\/www.karate-sochaczew.pl\/wp-content\/uploads\/2021\/10\/1-1024x682.jpg 1024w\" sizes=\"(max-width: 430px) 100vw, 430px\" \/><\/div>\n<div dir=\"auto\"><img decoding=\"async\" loading=\"lazy\" class=\"aligncenter  wp-image-1832\" src=\"http:\/\/www.karate-sochaczew.pl\/wp-content\/uploads\/2021\/10\/2.jpg\" alt=\"2\" width=\"417\" height=\"278\" srcset=\"http:\/\/www.karate-sochaczew.pl\/wp-content\/uploads\/2021\/10\/2.jpg 1280w, http:\/\/www.karate-sochaczew.pl\/wp-content\/uploads\/2021\/10\/2-300x200.jpg 300w, http:\/\/www.karate-sochaczew.pl\/wp-content\/uploads\/2021\/10\/2-768x512.jpg 768w, http:\/\/www.karate-sochaczew.pl\/wp-content\/uploads\/2021\/10\/2-1024x682.jpg 1024w\" sizes=\"(max-width: 417px) 100vw, 417px\" \/><\/div>\n<div dir=\"auto\"><\/div>\n<div dir=\"auto\"><\/div>\n<div dir=\"auto\"><img decoding=\"async\" loading=\"lazy\" class=\"wp-image-1835 alignright\" src=\"http:\/\/www.karate-sochaczew.pl\/wp-content\/uploads\/2021\/10\/5.jpg\" alt=\"5\" width=\"385\" height=\"513\" srcset=\"http:\/\/www.karate-sochaczew.pl\/wp-content\/uploads\/2021\/10\/5.jpg 3120w, http:\/\/www.karate-sochaczew.pl\/wp-content\/uploads\/2021\/10\/5-225x300.jpg 225w, http:\/\/www.karate-sochaczew.pl\/wp-content\/uploads\/2021\/10\/5-768x1024.jpg 768w\" sizes=\"(max-width: 385px) 100vw, 385px\" \/><img decoding=\"async\" loading=\"lazy\" class=\"wp-image-1837 alignleft\" src=\"http:\/\/www.karate-sochaczew.pl\/wp-content\/uploads\/2021\/10\/7.jpg\" alt=\"7\" width=\"414\" height=\"509\" srcset=\"http:\/\/www.karate-sochaczew.pl\/wp-content\/uploads\/2021\/10\/7.jpg 3120w, http:\/\/www.karate-sochaczew.pl\/wp-content\/uploads\/2021\/10\/7-244x300.jpg 244w, http:\/\/www.karate-sochaczew.pl\/wp-content\/uploads\/2021\/10\/7-768x945.jpg 768w, http:\/\/www.karate-sochaczew.pl\/wp-content\/uploads\/2021\/10\/7-832x1024.jpg 832w\" sizes=\"(max-width: 414px) 100vw, 414px\" \/><\/div>\n<div dir=\"auto\"><\/div>\n<div dir=\"auto\"><\/div>\n<div dir=\"auto\"><\/div>\n<div dir=\"auto\"><\/div>\n<div dir=\"auto\"><\/div>\n<div dir=\"auto\"><\/div>\n<div dir=\"auto\"><img decoding=\"async\" loading=\"lazy\" class=\"aligncenter  wp-image-1838\" src=\"http:\/\/www.karate-sochaczew.pl\/wp-content\/uploads\/2021\/10\/DSC_0611.jpg\" alt=\"DSC_0611\" width=\"761\" height=\"507\" srcset=\"http:\/\/www.karate-sochaczew.pl\/wp-content\/uploads\/2021\/10\/DSC_0611.jpg 1280w, http:\/\/www.karate-sochaczew.pl\/wp-content\/uploads\/2021\/10\/DSC_0611-300x200.jpg 300w, http:\/\/www.karate-sochaczew.pl\/wp-content\/uploads\/2021\/10\/DSC_0611-768x512.jpg 768w, http:\/\/www.karate-sochaczew.pl\/wp-content\/uploads\/2021\/10\/DSC_0611-1024x682.jpg 1024w\" sizes=\"(max-width: 761px) 100vw, 761px\" \/><\/div>\n<p>&nbsp;<\/p>\n","protected":false},"excerpt":{"rendered":"<p>Doskonale spisali si\u0119 nasi Karatecy na Pucharze Europy w Karate Tradycyjnym w Katowicach. miejsce w Kumite zdoby\u0142a Anna Wysocka miejsce w Kumite zdoby\u0142 Franciszek O\u0142tarzewski miejsce w Kumite zdoby\u0142 B\u0142a\u017cej Stelmach miejsce w Kata zdoby\u0142 Franciszek O\u0142tarzewski Bardzo dobrze walczyli r\u00f3wnie\u017c, dobijaj\u0105c si\u0119 o stref\u0119 medalow\u0105: Patrycja Wilczy\u0144skaAmelia JaskulskaKuba \u015awi\u0105tkowskiTomasz W\u0142odarczykBartosz CybulskiMarcel Kawecki Wszystkim serdecznie gratulujemy. &nbsp;<\/p>\n","protected":false},"author":1,"featured_media":0,"comment_status":"closed","ping_status":"closed","sticky":false,"template":"","format":"standard","meta":[],"categories":[1],"tags":[],"_links":{"self":[{"href":"http:\/\/www.karate-sochaczew.pl\/index.php\/wp-json\/wp\/v2\/posts\/1829"}],"collection":[{"href":"http:\/\/www.karate-sochaczew.pl\/index.php\/wp-json\/wp\/v2\/posts"}],"about":[{"href":"http:\/\/www.karate-sochaczew.pl\/index.php\/wp-json\/wp\/v2\/types\/post"}],"author":[{"embeddable":true,"href":"http:\/\/www.karate-sochaczew.pl\/index.php\/wp-json\/wp\/v2\/users\/1"}],"replies":[{"embeddable":true,"href":"http:\/\/www.karate-sochaczew.pl\/index.php\/wp-json\/wp\/v2\/comments?post=1829"}],"version-history":[{"count":1,"href":"http:\/\/www.karate-sochaczew.pl\/index.php\/wp-json\/wp\/v2\/posts\/1829\/revisions"}],"predecessor-version":[{"id":1847,"href":"http:\/\/www.karate-sochaczew.pl\/index.php\/wp-json\/wp\/v2\/posts\/1829\/revisions\/1847"}],"wp:attachment":[{"href":"http:\/\/www.karate-sochaczew.pl\/index.php\/wp-json\/wp\/v2\/media?parent=1829"}],"wp:term":[{"taxonomy":"category","embeddable":true,"href":"http:\/\/www.karate-sochaczew.pl\/index.php\/wp-json\/wp\/v2\/categories?post=1829"},{"taxonomy":"post_tag","embeddable":true,"href":"http:\/\/www.karate-sochaczew.pl\/index.php\/wp-json\/wp\/v2\/tags?post=1829"}],"curies":[{"name":"wp","href":"https:\/\/api.w.org\/{rel}","templated":true}]}}