{"id":1864,"date":"2021-11-14T19:52:52","date_gmt":"2021-11-14T18:52:52","guid":{"rendered":"http:\/\/www.karate-sochaczew.pl\/?p=1864"},"modified":"2021-11-14T19:55:15","modified_gmt":"2021-11-14T18:55:15","slug":"1864","status":"publish","type":"post","link":"http:\/\/www.karate-sochaczew.pl\/index.php\/2021\/11\/14\/1864\/","title":{"rendered":"Z A P I S Y  &#8211; Warszawska Olimpiada M\u0142odzie\u017cy"},"content":{"rendered":"<p><span class=\"pq6dq46d tbxw36s4 knj5qynh kvgmc6g5 ditlmg2l oygrvhab nvdbi5me sf5mxxl7 gl3lb2sf hhz5lgdu\"><img decoding=\"async\" loading=\"lazy\" src=\"https:\/\/static.xx.fbcdn.net\/images\/emoji.php\/v9\/t77\/1\/16\/203c.png\" alt=\"\u203c\ufe0f\" width=\"16\" height=\"16\" \/><\/span>ZAPISY na ZAWODY<span class=\"pq6dq46d tbxw36s4 knj5qynh kvgmc6g5 ditlmg2l oygrvhab nvdbi5me sf5mxxl7 gl3lb2sf hhz5lgdu\"><img decoding=\"async\" loading=\"lazy\" src=\"https:\/\/static.xx.fbcdn.net\/images\/emoji.php\/v9\/t77\/1\/16\/203c.png\" alt=\"\u203c\ufe0f\" width=\"16\" height=\"16\" \/><\/span>Zapraszamy wszystkich karatek\u00f3w z minimum \u017c\u00f3\u0142tym psaem \/8kyu\/ do udzia\u0142u w Warszawskiej Olimpiadzie M\u0142odzie\u017cy, kt\u00f3ra odb\u0119dzie si\u0119 <span class=\"pq6dq46d tbxw36s4 knj5qynh kvgmc6g5 ditlmg2l oygrvhab nvdbi5me sf5mxxl7 gl3lb2sf hhz5lgdu\"><img decoding=\"async\" loading=\"lazy\" src=\"https:\/\/static.xx.fbcdn.net\/images\/emoji.php\/v9\/t99\/1\/16\/32_20e3.png\" alt=\"2\ufe0f\u20e3\" width=\"16\" height=\"16\" \/><\/span><span class=\"pq6dq46d tbxw36s4 knj5qynh kvgmc6g5 ditlmg2l oygrvhab nvdbi5me sf5mxxl7 gl3lb2sf hhz5lgdu\"><img decoding=\"async\" loading=\"lazy\" src=\"https:\/\/static.xx.fbcdn.net\/images\/emoji.php\/v9\/t53\/1\/16\/38_20e3.png\" alt=\"8\ufe0f\u20e3\" width=\"16\" height=\"16\" \/><\/span> listopada w Warszawie w Szkole Podstawowej nr 76 ul. Poezji 5. Start godz 10.00 &#8211; 2008 i m\u0142odsi. Start dla os\u00f3b urodzonych w 2007 i starsi od godz. 14.00. Op\u0142ata startowa &#8211; brak. Zapisy pod nr tel <span class=\"pq6dq46d tbxw36s4 knj5qynh kvgmc6g5 ditlmg2l oygrvhab nvdbi5me sf5mxxl7 gl3lb2sf hhz5lgdu\"><img decoding=\"async\" loading=\"lazy\" src=\"https:\/\/static.xx.fbcdn.net\/images\/emoji.php\/v9\/t15\/1\/16\/36_20e3.png\" alt=\"6\ufe0f\u20e3\" width=\"16\" height=\"16\" \/><\/span><span class=\"pq6dq46d tbxw36s4 knj5qynh kvgmc6g5 ditlmg2l oygrvhab nvdbi5me sf5mxxl7 gl3lb2sf hhz5lgdu\"><img decoding=\"async\" loading=\"lazy\" src=\"https:\/\/static.xx.fbcdn.net\/images\/emoji.php\/v9\/t5b\/1\/16\/30_20e3.png\" alt=\"0\ufe0f\u20e3\" width=\"16\" height=\"16\" \/><\/span><span class=\"pq6dq46d tbxw36s4 knj5qynh kvgmc6g5 ditlmg2l oygrvhab nvdbi5me sf5mxxl7 gl3lb2sf hhz5lgdu\"><img decoding=\"async\" loading=\"lazy\" src=\"https:\/\/static.xx.fbcdn.net\/images\/emoji.php\/v9\/t53\/1\/16\/38_20e3.png\" alt=\"8\ufe0f\u20e3\" width=\"16\" height=\"16\" \/><\/span> <span class=\"pq6dq46d tbxw36s4 knj5qynh kvgmc6g5 ditlmg2l oygrvhab nvdbi5me sf5mxxl7 gl3lb2sf hhz5lgdu\"><img decoding=\"async\" loading=\"lazy\" src=\"https:\/\/static.xx.fbcdn.net\/images\/emoji.php\/v9\/t15\/1\/16\/36_20e3.png\" alt=\"6\ufe0f\u20e3\" width=\"16\" height=\"16\" \/><\/span><span class=\"pq6dq46d tbxw36s4 knj5qynh kvgmc6g5 ditlmg2l oygrvhab nvdbi5me sf5mxxl7 gl3lb2sf hhz5lgdu\"><img decoding=\"async\" loading=\"lazy\" src=\"https:\/\/static.xx.fbcdn.net\/images\/emoji.php\/v9\/t15\/1\/16\/36_20e3.png\" alt=\"6\ufe0f\u20e3\" width=\"16\" height=\"16\" \/><\/span><span class=\"pq6dq46d tbxw36s4 knj5qynh kvgmc6g5 ditlmg2l oygrvhab nvdbi5me sf5mxxl7 gl3lb2sf hhz5lgdu\"><img decoding=\"async\" loading=\"lazy\" src=\"https:\/\/static.xx.fbcdn.net\/images\/emoji.php\/v9\/t7a\/1\/16\/31_20e3.png\" alt=\"1\ufe0f\u20e3\" width=\"16\" height=\"16\" \/><\/span> <span class=\"pq6dq46d tbxw36s4 knj5qynh kvgmc6g5 ditlmg2l oygrvhab nvdbi5me sf5mxxl7 gl3lb2sf hhz5lgdu\"><img decoding=\"async\" loading=\"lazy\" src=\"https:\/\/static.xx.fbcdn.net\/images\/emoji.php\/v9\/t99\/1\/16\/32_20e3.png\" alt=\"2\ufe0f\u20e3\" width=\"16\" height=\"16\" \/><\/span><span class=\"pq6dq46d tbxw36s4 knj5qynh kvgmc6g5 ditlmg2l oygrvhab nvdbi5me sf5mxxl7 gl3lb2sf hhz5lgdu\"><img decoding=\"async\" loading=\"lazy\" src=\"https:\/\/static.xx.fbcdn.net\/images\/emoji.php\/v9\/td7\/1\/16\/34_20e3.png\" alt=\"4\ufe0f\u20e3\" width=\"16\" height=\"16\" \/><\/span><span class=\"pq6dq46d tbxw36s4 knj5qynh kvgmc6g5 ditlmg2l oygrvhab nvdbi5me sf5mxxl7 gl3lb2sf hhz5lgdu\"><img decoding=\"async\" loading=\"lazy\" src=\"https:\/\/static.xx.fbcdn.net\/images\/emoji.php\/v9\/tf6\/1\/16\/35_20e3.png\" alt=\"5\ufe0f\u20e3\" width=\"16\" height=\"16\" \/><\/span>w tre\u015bci imi\u0119 i nazwisko z dopiskiem WOM do 24 listopada. <span class=\"pq6dq46d tbxw36s4 knj5qynh kvgmc6g5 ditlmg2l oygrvhab nvdbi5me sf5mxxl7 gl3lb2sf hhz5lgdu\"><img decoding=\"async\" loading=\"lazy\" src=\"https:\/\/static.xx.fbcdn.net\/images\/emoji.php\/v9\/t51\/1\/16\/1f449.png\" alt=\"?\" width=\"16\" height=\"16\" \/><\/span>ZAPRASZAMY<span class=\"pq6dq46d tbxw36s4 knj5qynh kvgmc6g5 ditlmg2l oygrvhab nvdbi5me sf5mxxl7 gl3lb2sf hhz5lgdu\"><img decoding=\"async\" loading=\"lazy\" src=\"https:\/\/static.xx.fbcdn.net\/images\/emoji.php\/v9\/td0\/1\/16\/1f448.png\" alt=\"?\" width=\"16\" height=\"16\" \/><\/span><\/p>\n<p><img decoding=\"async\" loading=\"lazy\" class=\"aligncenter size-full wp-image-1866\" src=\"http:\/\/www.karate-sochaczew.pl\/wp-content\/uploads\/2021\/11\/Ciemnoniebieski-Planista-Finansowy-Nowa-Tre\u015b\u0107-Profesjonalne-Us\u0142ugi-Post-na-Facebooka.png\" alt=\"Ciemnoniebieski Planista Finansowy Nowa Tre\u015b\u0107 Profesjonalne Us\u0142ugi Post na Facebooka\" width=\"940\" height=\"788\" srcset=\"http:\/\/www.karate-sochaczew.pl\/wp-content\/uploads\/2021\/11\/Ciemnoniebieski-Planista-Finansowy-Nowa-Tre\u015b\u0107-Profesjonalne-Us\u0142ugi-Post-na-Facebooka.png 940w, http:\/\/www.karate-sochaczew.pl\/wp-content\/uploads\/2021\/11\/Ciemnoniebieski-Planista-Finansowy-Nowa-Tre\u015b\u0107-Profesjonalne-Us\u0142ugi-Post-na-Facebooka-300x251.png 300w, http:\/\/www.karate-sochaczew.pl\/wp-content\/uploads\/2021\/11\/Ciemnoniebieski-Planista-Finansowy-Nowa-Tre\u015b\u0107-Profesjonalne-Us\u0142ugi-Post-na-Facebooka-768x644.png 768w\" sizes=\"(max-width: 940px) 100vw, 940px\" \/><\/p>\n<p>&nbsp;<\/p>\n","protected":false},"excerpt":{"rendered":"<p>ZAPISY na ZAWODYZapraszamy wszystkich karatek\u00f3w z minimum \u017c\u00f3\u0142tym psaem \/8kyu\/ do udzia\u0142u w Warszawskiej Olimpiadzie M\u0142odzie\u017cy, kt\u00f3ra odb\u0119dzie si\u0119 listopada w Warszawie w Szkole Podstawowej nr 76 ul. Poezji 5. Start godz 10.00 &#8211; 2008 i m\u0142odsi. Start dla os\u00f3b urodzonych w 2007 i starsi od godz. 14.00. Op\u0142ata startowa &#8211; brak. Zapisy pod nr tel w tre\u015bci imi\u0119 i<\/p>\n","protected":false},"author":1,"featured_media":0,"comment_status":"closed","ping_status":"closed","sticky":false,"template":"","format":"standard","meta":[],"categories":[1],"tags":[],"_links":{"self":[{"href":"http:\/\/www.karate-sochaczew.pl\/index.php\/wp-json\/wp\/v2\/posts\/1864"}],"collection":[{"href":"http:\/\/www.karate-sochaczew.pl\/index.php\/wp-json\/wp\/v2\/posts"}],"about":[{"href":"http:\/\/www.karate-sochaczew.pl\/index.php\/wp-json\/wp\/v2\/types\/post"}],"author":[{"embeddable":true,"href":"http:\/\/www.karate-sochaczew.pl\/index.php\/wp-json\/wp\/v2\/users\/1"}],"replies":[{"embeddable":true,"href":"http:\/\/www.karate-sochaczew.pl\/index.php\/wp-json\/wp\/v2\/comments?post=1864"}],"version-history":[{"count":3,"href":"http:\/\/www.karate-sochaczew.pl\/index.php\/wp-json\/wp\/v2\/posts\/1864\/revisions"}],"predecessor-version":[{"id":1868,"href":"http:\/\/www.karate-sochaczew.pl\/index.php\/wp-json\/wp\/v2\/posts\/1864\/revisions\/1868"}],"wp:attachment":[{"href":"http:\/\/www.karate-sochaczew.pl\/index.php\/wp-json\/wp\/v2\/media?parent=1864"}],"wp:term":[{"taxonomy":"category","embeddable":true,"href":"http:\/\/www.karate-sochaczew.pl\/index.php\/wp-json\/wp\/v2\/categories?post=1864"},{"taxonomy":"post_tag","embeddable":true,"href":"http:\/\/www.karate-sochaczew.pl\/index.php\/wp-json\/wp\/v2\/tags?post=1864"}],"curies":[{"name":"wp","href":"https:\/\/api.w.org\/{rel}","templated":true}]}}