{"id":1870,"date":"2021-11-23T11:36:06","date_gmt":"2021-11-23T10:36:06","guid":{"rendered":"http:\/\/www.karate-sochaczew.pl\/?p=1870"},"modified":"2021-11-23T11:52:52","modified_gmt":"2021-11-23T10:52:52","slug":"zapraszamy-na-treningi-do-grupy-dla-dorslych","status":"publish","type":"post","link":"http:\/\/www.karate-sochaczew.pl\/index.php\/2021\/11\/23\/zapraszamy-na-treningi-do-grupy-dla-dorslych\/","title":{"rendered":"ZAPRASZAMY na Treningi do grupy dla DORS\u0141YCH"},"content":{"rendered":"<p>&nbsp;<\/p>\n<div class=\"\" data-block=\"true\" data-editor=\"5rfl5\" data-offset-key=\"d0tl0-0-0\">\n<div class=\"_1mf _1mj\" data-offset-key=\"d0tl0-0-0\"><span data-offset-key=\"d0tl0-0-0\"><span data-text=\"true\">rodzy Rodzice naszych najm\u0142odszych karatek\u00f3w?, je\u017celi zastanawiacie si\u0119 nad zaj\u0119ciami ruchowymi dla siebie &#8211; ZAPRASZAMY na treningi KARATE do grupy pocz\u0105tkuj\u0105cej dla Doros\u0142ych??. <\/span><\/span><\/div>\n<\/div>\n<div class=\"\" data-block=\"true\" data-editor=\"5rfl5\" data-offset-key=\"2puo-0-0\">\n<div class=\"_1mf _1mj\" data-offset-key=\"2puo-0-0\"><span data-offset-key=\"2puo-0-0\"><span data-text=\"true\">Gwarantujemy, \u017ce wyjdziecie po treningu zm\u0119czeni i u\u015bmiechni\u0119ci ?? <\/span><\/span><\/div>\n<\/div>\n<div class=\"\" data-block=\"true\" data-editor=\"5rfl5\" data-offset-key=\"3u1sh-0-0\">\n<div class=\"_1mf _1mj\" data-offset-key=\"3u1sh-0-0\"><span data-offset-key=\"3u1sh-0-0\">\u00a0<\/span><\/div>\n<\/div>\n<div class=\"\" data-block=\"true\" data-editor=\"5rfl5\" data-offset-key=\"5q9q4-0-0\">\n<div class=\"_1mf _1mj\" data-offset-key=\"5q9q4-0-0\"><span data-offset-key=\"5q9q4-0-0\"><span data-text=\"true\">?Trenujemy we wtorki i czwartki <\/span><\/span><\/div>\n<\/div>\n<div class=\"\" data-block=\"true\" data-editor=\"5rfl5\" data-offset-key=\"1hfvh-0-0\">\n<div class=\"_1mf _1mj\" data-offset-key=\"1hfvh-0-0\"><span data-offset-key=\"1hfvh-0-0\"><span data-text=\"true\">?miejsce &#8211; SP nr 2 Sochaczew od godz. 20.00. <\/span><\/span><\/div>\n<\/div>\n<div class=\"\" data-block=\"true\" data-editor=\"5rfl5\" data-offset-key=\"1g748-0-0\">\n<div class=\"_1mf _1mj\" data-offset-key=\"1g748-0-0\"><span data-offset-key=\"1g748-0-0\"><span data-text=\"true\">?Zapraszamy na zaj\u0119cia pr\u00f3bne \ud83d\ude42 <\/span><\/span><\/div>\n<\/div>\n<div class=\"\" data-block=\"true\" data-editor=\"5rfl5\" data-offset-key=\"edfff-0-0\">\n<div class=\"_1mf _1mj\" data-offset-key=\"edfff-0-0\"><span data-offset-key=\"edfff-0-0\"><span data-text=\"true\">?wi\u0119cej info pod nr tel 6\ufe0f\u20e30\ufe0f\u20e38\ufe0f\u20e3 6\ufe0f\u20e36\ufe0f\u20e31\ufe0f\u20e3 2\ufe0f\u20e34\ufe0f\u20e35\ufe0f\u20e3<\/span><\/span><\/div>\n<\/div>\n<div class=\"\" data-block=\"true\" data-editor=\"5rfl5\" data-offset-key=\"63jha-0-0\">\n<div class=\"_1mf _1mj\" data-offset-key=\"63jha-0-0\"><span data-offset-key=\"63jha-0-0\">\u00a0<\/span><\/div>\n<\/div>\n<div class=\"\" data-block=\"true\" data-editor=\"5rfl5\" data-offset-key=\"cnvcn-0-0\"><\/div>\n<p><img decoding=\"async\" loading=\"lazy\" class=\"aligncenter size-full wp-image-1875\" src=\"http:\/\/www.karate-sochaczew.pl\/wp-content\/uploads\/2021\/11\/karate-dla-rodzic\u00f3w-1.png\" alt=\"karate dla rodzic\u00f3w\" width=\"1587\" height=\"2245\" srcset=\"http:\/\/www.karate-sochaczew.pl\/wp-content\/uploads\/2021\/11\/karate-dla-rodzic\u00f3w-1.png 1587w, http:\/\/www.karate-sochaczew.pl\/wp-content\/uploads\/2021\/11\/karate-dla-rodzic\u00f3w-1-212x300.png 212w, http:\/\/www.karate-sochaczew.pl\/wp-content\/uploads\/2021\/11\/karate-dla-rodzic\u00f3w-1-768x1086.png 768w, http:\/\/www.karate-sochaczew.pl\/wp-content\/uploads\/2021\/11\/karate-dla-rodzic\u00f3w-1-724x1024.png 724w\" sizes=\"(max-width: 1587px) 100vw, 1587px\" \/><\/p>\n","protected":false},"excerpt":{"rendered":"<p>&nbsp; rodzy Rodzice naszych najm\u0142odszych karatek\u00f3w?, je\u017celi zastanawiacie si\u0119 nad zaj\u0119ciami ruchowymi dla siebie &#8211; ZAPRASZAMY na treningi KARATE do grupy pocz\u0105tkuj\u0105cej dla Doros\u0142ych??. Gwarantujemy, \u017ce wyjdziecie po treningu zm\u0119czeni i u\u015bmiechni\u0119ci ?? \u00a0 ?Trenujemy we wtorki i czwartki ?miejsce &#8211; SP nr 2 Sochaczew od godz. 20.00. ?Zapraszamy na zaj\u0119cia pr\u00f3bne \ud83d\ude42 ?wi\u0119cej info pod nr tel 6\ufe0f\u20e30\ufe0f\u20e38\ufe0f\u20e3 6\ufe0f\u20e36\ufe0f\u20e31\ufe0f\u20e3<\/p>\n","protected":false},"author":1,"featured_media":0,"comment_status":"closed","ping_status":"closed","sticky":false,"template":"","format":"standard","meta":[],"categories":[1],"tags":[],"_links":{"self":[{"href":"http:\/\/www.karate-sochaczew.pl\/index.php\/wp-json\/wp\/v2\/posts\/1870"}],"collection":[{"href":"http:\/\/www.karate-sochaczew.pl\/index.php\/wp-json\/wp\/v2\/posts"}],"about":[{"href":"http:\/\/www.karate-sochaczew.pl\/index.php\/wp-json\/wp\/v2\/types\/post"}],"author":[{"embeddable":true,"href":"http:\/\/www.karate-sochaczew.pl\/index.php\/wp-json\/wp\/v2\/users\/1"}],"replies":[{"embeddable":true,"href":"http:\/\/www.karate-sochaczew.pl\/index.php\/wp-json\/wp\/v2\/comments?post=1870"}],"version-history":[{"count":3,"href":"http:\/\/www.karate-sochaczew.pl\/index.php\/wp-json\/wp\/v2\/posts\/1870\/revisions"}],"predecessor-version":[{"id":1876,"href":"http:\/\/www.karate-sochaczew.pl\/index.php\/wp-json\/wp\/v2\/posts\/1870\/revisions\/1876"}],"wp:attachment":[{"href":"http:\/\/www.karate-sochaczew.pl\/index.php\/wp-json\/wp\/v2\/media?parent=1870"}],"wp:term":[{"taxonomy":"category","embeddable":true,"href":"http:\/\/www.karate-sochaczew.pl\/index.php\/wp-json\/wp\/v2\/categories?post=1870"},{"taxonomy":"post_tag","embeddable":true,"href":"http:\/\/www.karate-sochaczew.pl\/index.php\/wp-json\/wp\/v2\/tags?post=1870"}],"curies":[{"name":"wp","href":"https:\/\/api.w.org\/{rel}","templated":true}]}}