{"id":1877,"date":"2021-11-25T10:43:23","date_gmt":"2021-11-25T09:43:23","guid":{"rendered":"http:\/\/www.karate-sochaczew.pl\/?p=1877"},"modified":"2021-12-01T08:52:20","modified_gmt":"2021-12-01T07:52:20","slug":"turniej-mikolajkowy-5-grudnia-2021-pruszkow","status":"publish","type":"post","link":"http:\/\/www.karate-sochaczew.pl\/index.php\/2021\/11\/25\/turniej-mikolajkowy-5-grudnia-2021-pruszkow\/","title":{"rendered":"TURNIEJ   MIKO\u0141AJKOWY  &#8211; 5 grudnia 2021  &#8211;  Pruszk\u00f3w"},"content":{"rendered":"<div class=\"\" data-block=\"true\" data-editor=\"f04m3\" data-offset-key=\"3ljlm-0-0\">\n<div class=\"_1mf _1mj\" data-offset-key=\"3ljlm-0-0\"><span data-offset-key=\"3ljlm-0-0\"><span data-text=\"true\">??<strong>Turniej KARATE dla <\/strong><\/span><\/span><span data-offset-key=\"3ljlm-1-0\"><span data-text=\"true\"><strong>Ka\u017cdego<\/strong>??<\/span><\/span><\/div>\n<\/div>\n<div class=\"\" data-block=\"true\" data-editor=\"f04m3\" data-offset-key=\"cm5kf-0-0\">\n<div class=\"_1mf _1mj\" data-offset-key=\"cm5kf-0-0\"><span data-offset-key=\"cm5kf-0-0\"><span data-text=\"true\">?Zapraszamy na Miko\u0142ajkowy Turniej Karate, kt\u00f3ry odb\u0119dzie si\u0119 5 grudnia w Pruszkowie \/MOS ul. Gomuli\u0144skiego 4\/. W zawodach udzia\u0142 mog\u0105 bra\u0107 nawet najm\u0142odsi karatecy z kr\u00f3tkim sta\u017cem treningowym??. Przewidziana jest konkurencja pierwszego kroku?. <\/span><\/span><\/div>\n<\/div>\n<div class=\"\" data-block=\"true\" data-editor=\"f04m3\" data-offset-key=\"6hfhv-0-0\">\n<div class=\"_1mf _1mj\" data-offset-key=\"6hfhv-0-0\"><span data-offset-key=\"6hfhv-0-0\"><span data-text=\"true\">??ZAPISY &#8211; osobi\u015bcie u instruktora, <\/span><\/span><\/div>\n<\/div>\n<div class=\"\" data-block=\"true\" data-editor=\"f04m3\" data-offset-key=\"fpfrg-0-0\">\n<div class=\"_1mf _1mj\" data-offset-key=\"fpfrg-0-0\"><span data-offset-key=\"fpfrg-0-0\"><span data-text=\"true\">lub SMS pod nr 6\ufe0f\u20e30\ufe0f\u20e38\ufe0f\u20e3 6\ufe0f\u20e36\ufe0f\u20e31\ufe0f\u20e3 2\ufe0f\u20e34\ufe0f\u20e35\ufe0f\u20e3 w tre\u015bci imi\u0119 i nazwisko startuj\u0105cego oraz dopisek Miko\u0142ajki.<\/span><\/span><\/div>\n<\/div>\n<div class=\"\" data-block=\"true\" data-editor=\"f04m3\" data-offset-key=\"fgah8-0-0\">\n<div class=\"_1mf _1mj\" data-offset-key=\"fgah8-0-0\"><span data-offset-key=\"fgah8-0-0\"><span data-text=\"true\">STARTOWE &#8211; <strong>30,00 z\u0142.<\/strong> ; wp\u0142acamy u instruktora lub na konto klubu.<\/span><\/span><\/div>\n<\/div>\n<div class=\"\" data-block=\"true\" data-editor=\"f04m3\" data-offset-key=\"uruc-0-0\">\n<div class=\"_1mf _1mj\" data-offset-key=\"uruc-0-0\"><strong><span data-offset-key=\"uruc-0-0\"><span data-text=\"true\">Zapisy trwaj\u0105 do 1 grudnia 2021.<\/span><\/span><\/strong><\/div>\n<\/div>\n<div class=\"\" data-block=\"true\" data-editor=\"f04m3\" data-offset-key=\"b8sl7-0-0\">\n<div class=\"_1mf _1mj\" data-offset-key=\"b8sl7-0-0\"><span data-offset-key=\"b8sl7-0-0\"><span data-text=\"true\">?ZAPRASZAMY do udzia\u0142u w ZAWODACH?<br \/>\n<\/span><\/span><\/div>\n<div class=\"_1mf _1mj\" data-offset-key=\"b8sl7-0-0\"><img decoding=\"async\" loading=\"lazy\" class=\"aligncenter size-full wp-image-1883\" src=\"http:\/\/www.karate-sochaczew.pl\/wp-content\/uploads\/2021\/11\/261117359_4431814376866702_716871685097863912_n.png\" alt=\"261117359_4431814376866702_716871685097863912_n\" width=\"1640\" height=\"900\" srcset=\"http:\/\/www.karate-sochaczew.pl\/wp-content\/uploads\/2021\/11\/261117359_4431814376866702_716871685097863912_n.png 1640w, http:\/\/www.karate-sochaczew.pl\/wp-content\/uploads\/2021\/11\/261117359_4431814376866702_716871685097863912_n-300x165.png 300w, http:\/\/www.karate-sochaczew.pl\/wp-content\/uploads\/2021\/11\/261117359_4431814376866702_716871685097863912_n-768x421.png 768w, http:\/\/www.karate-sochaczew.pl\/wp-content\/uploads\/2021\/11\/261117359_4431814376866702_716871685097863912_n-1024x562.png 1024w\" sizes=\"(max-width: 1640px) 100vw, 1640px\" \/><\/div>\n<\/div>\n","protected":false},"excerpt":{"rendered":"<p>??Turniej KARATE dla Ka\u017cdego?? ?Zapraszamy na Miko\u0142ajkowy Turniej Karate, kt\u00f3ry odb\u0119dzie si\u0119 5 grudnia w Pruszkowie \/MOS ul. Gomuli\u0144skiego 4\/. W zawodach udzia\u0142 mog\u0105 bra\u0107 nawet najm\u0142odsi karatecy z kr\u00f3tkim sta\u017cem treningowym??. Przewidziana jest konkurencja pierwszego kroku?. ??ZAPISY &#8211; osobi\u015bcie u instruktora, lub SMS pod nr 6\ufe0f\u20e30\ufe0f\u20e38\ufe0f\u20e3 6\ufe0f\u20e36\ufe0f\u20e31\ufe0f\u20e3 2\ufe0f\u20e34\ufe0f\u20e35\ufe0f\u20e3 w tre\u015bci imi\u0119 i nazwisko startuj\u0105cego oraz dopisek Miko\u0142ajki. STARTOWE &#8211;<\/p>\n","protected":false},"author":1,"featured_media":0,"comment_status":"closed","ping_status":"closed","sticky":false,"template":"","format":"standard","meta":[],"categories":[1],"tags":[],"_links":{"self":[{"href":"http:\/\/www.karate-sochaczew.pl\/index.php\/wp-json\/wp\/v2\/posts\/1877"}],"collection":[{"href":"http:\/\/www.karate-sochaczew.pl\/index.php\/wp-json\/wp\/v2\/posts"}],"about":[{"href":"http:\/\/www.karate-sochaczew.pl\/index.php\/wp-json\/wp\/v2\/types\/post"}],"author":[{"embeddable":true,"href":"http:\/\/www.karate-sochaczew.pl\/index.php\/wp-json\/wp\/v2\/users\/1"}],"replies":[{"embeddable":true,"href":"http:\/\/www.karate-sochaczew.pl\/index.php\/wp-json\/wp\/v2\/comments?post=1877"}],"version-history":[{"count":3,"href":"http:\/\/www.karate-sochaczew.pl\/index.php\/wp-json\/wp\/v2\/posts\/1877\/revisions"}],"predecessor-version":[{"id":1884,"href":"http:\/\/www.karate-sochaczew.pl\/index.php\/wp-json\/wp\/v2\/posts\/1877\/revisions\/1884"}],"wp:attachment":[{"href":"http:\/\/www.karate-sochaczew.pl\/index.php\/wp-json\/wp\/v2\/media?parent=1877"}],"wp:term":[{"taxonomy":"category","embeddable":true,"href":"http:\/\/www.karate-sochaczew.pl\/index.php\/wp-json\/wp\/v2\/categories?post=1877"},{"taxonomy":"post_tag","embeddable":true,"href":"http:\/\/www.karate-sochaczew.pl\/index.php\/wp-json\/wp\/v2\/tags?post=1877"}],"curies":[{"name":"wp","href":"https:\/\/api.w.org\/{rel}","templated":true}]}}