{"id":1929,"date":"2022-01-20T23:07:56","date_gmt":"2022-01-20T22:07:56","guid":{"rendered":"http:\/\/www.karate-sochaczew.pl\/?p=1929"},"modified":"2022-01-24T12:13:49","modified_gmt":"2022-01-24T11:13:49","slug":"polkolonie-zima-z-karate-2022","status":"publish","type":"post","link":"http:\/\/www.karate-sochaczew.pl\/index.php\/2022\/01\/20\/polkolonie-zima-z-karate-2022\/","title":{"rendered":"P\u00f3\u0142kolonie &#8211; Zima z KARATE 2022"},"content":{"rendered":"<p>Drodzy Rodzice<\/p>\n<p>Instruktor na treningach rozdawa\u0142 dokumenty niezb\u0119dne do zakwalifikowania na p\u00f3\u0142kolonie. Je\u017celi nie dotar\u0142y do Was, dokumenty s\u0105 nadal dost\u0119pne u Waszego sensei. Macie r\u00f3wnie\u017c mo\u017cliwo\u015b\u0107 \u015bci\u0105gni\u0119cia dokument\u00f3w z link\u00f3w poni\u017cej.<\/p>\n<p>Przypominamy o terminie wp\u0142aty II raty za p\u00f3\u0142kolonie 24-25 stycznia 2022. U instruktora lub na konto.<\/p>\n<p>Je\u017celi kto\u015b potrzebuje specjalnej diety na obiadach prosimy o info pod nr tel 608661245<\/p>\n<p>Linki z dokumentami:<\/p>\n<p><a href=\"http:\/\/www.karate-sochaczew.pl\/wp-content\/uploads\/2022\/01\/Karta-kwalifikacyjna-Zima-z-Karate-2022.pdf\">Karta kwalifikacyjna Zima z Karate 2022<\/a><\/p>\n<p><a href=\"http:\/\/www.karate-sochaczew.pl\/wp-content\/uploads\/2022\/01\/Oswiadczenie-Zima-2022.pdf\">Oswiadczenie Zima 2022<\/a><\/p>\n<p><a href=\"http:\/\/www.karate-sochaczew.pl\/wp-content\/uploads\/2022\/01\/Regulamin-Zima-z-Karate-2022.pdf\">Regulamin Zima z Karate 202<\/a>2<\/p>\n<p><img decoding=\"async\" loading=\"lazy\" class=\"aligncenter size-full wp-image-1937\" src=\"http:\/\/www.karate-sochaczew.pl\/wp-content\/uploads\/2022\/01\/Wakacje-z-Karate-Turnus-I-26.07-30.07.2021.png\" alt=\"Wakacje z Karate Turnus I 26.07-30.07.2021\" width=\"1587\" height=\"2245\" srcset=\"http:\/\/www.karate-sochaczew.pl\/wp-content\/uploads\/2022\/01\/Wakacje-z-Karate-Turnus-I-26.07-30.07.2021.png 1587w, http:\/\/www.karate-sochaczew.pl\/wp-content\/uploads\/2022\/01\/Wakacje-z-Karate-Turnus-I-26.07-30.07.2021-212x300.png 212w, http:\/\/www.karate-sochaczew.pl\/wp-content\/uploads\/2022\/01\/Wakacje-z-Karate-Turnus-I-26.07-30.07.2021-768x1086.png 768w, http:\/\/www.karate-sochaczew.pl\/wp-content\/uploads\/2022\/01\/Wakacje-z-Karate-Turnus-I-26.07-30.07.2021-724x1024.png 724w\" sizes=\"(max-width: 1587px) 100vw, 1587px\" \/><\/p>\n","protected":false},"excerpt":{"rendered":"<p>Drodzy Rodzice Instruktor na treningach rozdawa\u0142 dokumenty niezb\u0119dne do zakwalifikowania na p\u00f3\u0142kolonie. Je\u017celi nie dotar\u0142y do Was, dokumenty s\u0105 nadal dost\u0119pne u Waszego sensei. Macie r\u00f3wnie\u017c mo\u017cliwo\u015b\u0107 \u015bci\u0105gni\u0119cia dokument\u00f3w z link\u00f3w poni\u017cej. Przypominamy o terminie wp\u0142aty II raty za p\u00f3\u0142kolonie 24-25 stycznia 2022. U instruktora lub na konto. Je\u017celi kto\u015b potrzebuje specjalnej diety na obiadach prosimy o info pod nr<\/p>\n","protected":false},"author":1,"featured_media":0,"comment_status":"closed","ping_status":"closed","sticky":false,"template":"","format":"standard","meta":[],"categories":[1],"tags":[],"_links":{"self":[{"href":"http:\/\/www.karate-sochaczew.pl\/index.php\/wp-json\/wp\/v2\/posts\/1929"}],"collection":[{"href":"http:\/\/www.karate-sochaczew.pl\/index.php\/wp-json\/wp\/v2\/posts"}],"about":[{"href":"http:\/\/www.karate-sochaczew.pl\/index.php\/wp-json\/wp\/v2\/types\/post"}],"author":[{"embeddable":true,"href":"http:\/\/www.karate-sochaczew.pl\/index.php\/wp-json\/wp\/v2\/users\/1"}],"replies":[{"embeddable":true,"href":"http:\/\/www.karate-sochaczew.pl\/index.php\/wp-json\/wp\/v2\/comments?post=1929"}],"version-history":[{"count":4,"href":"http:\/\/www.karate-sochaczew.pl\/index.php\/wp-json\/wp\/v2\/posts\/1929\/revisions"}],"predecessor-version":[{"id":1934,"href":"http:\/\/www.karate-sochaczew.pl\/index.php\/wp-json\/wp\/v2\/posts\/1929\/revisions\/1934"}],"wp:attachment":[{"href":"http:\/\/www.karate-sochaczew.pl\/index.php\/wp-json\/wp\/v2\/media?parent=1929"}],"wp:term":[{"taxonomy":"category","embeddable":true,"href":"http:\/\/www.karate-sochaczew.pl\/index.php\/wp-json\/wp\/v2\/categories?post=1929"},{"taxonomy":"post_tag","embeddable":true,"href":"http:\/\/www.karate-sochaczew.pl\/index.php\/wp-json\/wp\/v2\/tags?post=1929"}],"curies":[{"name":"wp","href":"https:\/\/api.w.org\/{rel}","templated":true}]}}