{"id":1946,"date":"2022-01-28T11:46:39","date_gmt":"2022-01-28T10:46:39","guid":{"rendered":"http:\/\/www.karate-sochaczew.pl\/?p=1946"},"modified":"2022-01-28T11:46:39","modified_gmt":"2022-01-28T10:46:39","slug":"polkolonie-info","status":"publish","type":"post","link":"http:\/\/www.karate-sochaczew.pl\/index.php\/2022\/01\/28\/polkolonie-info\/","title":{"rendered":"P\u00f3\u0142kolonie &#8211; INFO"},"content":{"rendered":"<p><strong>Zima z Karate 2022 zaczynamy ju\u017c 31 stycznia 2022r.<\/strong><\/p>\n<p>Nasza BAZA \u2013 w S.P. nr 2 Sochaczew ul. 15 sierpnia 44.<\/p>\n<ul>\n<li>Zbi\u00f3rka dzieci\u00a08.00 \u2013 8.30 \/ instruktorzy b\u0119d\u0105 co najmniej kwadrans wcze\u015bniej \/<\/li>\n<li>Odbi\u00f3r dzieci\u00a016.00-16.30\u00a0\/ po uprzedzeniu odbi\u00f3r mo\u017ce by\u0107 wcze\u015bniej\/<\/li>\n<li>Dzieci zabra\u0107 ze sob\u0105 powinny: <strong>maseczk\u0119<\/strong> \/mo\u017ce by\u0107 konieczno\u015b\u0107 u\u017cycia przy wyj\u015bciach\/, obuwie na zmian\u0119, str\u00f3j sportowy lub\/i kimono, drugie \u015bniadanie \/ wedle uznania kto co lubi ? \/ <strong>PROSIMY\u00a0 O\u00a0 PODPISANIE\u00a0 UBRA\u0143\u00a0 A SZCZEG\u00d3LNIE\u00a0 KIMON<\/strong><\/li>\n<li>Istnieje mo\u017cliwo\u015b\u0107 zostawienia but\u00f3w czy kimona w szatni<\/li>\n<li>W czasie p\u00f3\u0142kolonii obowi\u0105zuje zakaz jedzenia chips\u00f3w itp oraz picia coli itp. gazowa\u0144c\u00f3w \/ wyj\u0105tekiem mo\u017ce by\u0107 wyj\u015bcie do kina \/<\/li>\n<li>W dniu wyjazdu do kina, mo\u017cna da\u0107 dzieciom kieszonkowe na nap\u00f3j, popcorn itp.<\/li>\n<li>W dniu wyjazdu na trampoliny pami\u0119ta\u0107 nale\u017cy o skarpetach antypo\u015blizgowych lub wyposa\u017cy\u0107 dziecko w 5 z\u0142 na ich zakup<\/li>\n<li>Kadra \u2013 \u0141ukasz Klimczewski, Damin Falkowski, Urszula Staniaszek, Monika Klimczewska<\/li>\n<li>Przypominamy, \u017ce na p\u00f3\u0142kolonie Dzieci przychodz\u0105 zdrowe. Prosimy informowa\u0107 nas o ka\u017cdym niepokoj\u0105cym Pa\u0144stwa fakcie<\/li>\n<li>Je\u017celi, kt\u00f3re\u015b dziecko stosuje specjaln\u0105 diet\u0119 prosimy o informacj\u0119<\/li>\n<\/ul>\n<p><strong>Dokumenty<\/strong>: osoby kt\u00f3re jeszcze nie dostarczy\u0142y karty kwalifikacyjnej, o\u015bwiadczenia i regulaminu prosimy o doniesienie obowi\u0105zkowo w poniedzia\u0142ek \/ w razie potrzeby mo\u017cna wype\u0142ni\u0107 dokumenty na miejscu \/<\/p>\n<p>Telefon do Kadry<\/p>\n<p>\u0141ukasz Klimczewski 608 661 245<\/p>\n<p>Damian Falkowski 882127637<\/p>\n<p>Urszula Staniaszek 509 696 752<\/p>\n<p>Monika Klimczewska 608 661 245<\/p>\n","protected":false},"excerpt":{"rendered":"<p>Zima z Karate 2022 zaczynamy ju\u017c 31 stycznia 2022r. Nasza BAZA \u2013 w S.P. nr 2 Sochaczew ul. 15 sierpnia 44. Zbi\u00f3rka dzieci\u00a08.00 \u2013 8.30 \/ instruktorzy b\u0119d\u0105 co najmniej kwadrans wcze\u015bniej \/ Odbi\u00f3r dzieci\u00a016.00-16.30\u00a0\/ po uprzedzeniu odbi\u00f3r mo\u017ce by\u0107 wcze\u015bniej\/ Dzieci zabra\u0107 ze sob\u0105 powinny: maseczk\u0119 \/mo\u017ce by\u0107 konieczno\u015b\u0107 u\u017cycia przy wyj\u015bciach\/, obuwie na zmian\u0119, str\u00f3j sportowy lub\/i kimono,<\/p>\n","protected":false},"author":1,"featured_media":0,"comment_status":"closed","ping_status":"closed","sticky":false,"template":"","format":"standard","meta":[],"categories":[1],"tags":[],"_links":{"self":[{"href":"http:\/\/www.karate-sochaczew.pl\/index.php\/wp-json\/wp\/v2\/posts\/1946"}],"collection":[{"href":"http:\/\/www.karate-sochaczew.pl\/index.php\/wp-json\/wp\/v2\/posts"}],"about":[{"href":"http:\/\/www.karate-sochaczew.pl\/index.php\/wp-json\/wp\/v2\/types\/post"}],"author":[{"embeddable":true,"href":"http:\/\/www.karate-sochaczew.pl\/index.php\/wp-json\/wp\/v2\/users\/1"}],"replies":[{"embeddable":true,"href":"http:\/\/www.karate-sochaczew.pl\/index.php\/wp-json\/wp\/v2\/comments?post=1946"}],"version-history":[{"count":1,"href":"http:\/\/www.karate-sochaczew.pl\/index.php\/wp-json\/wp\/v2\/posts\/1946\/revisions"}],"predecessor-version":[{"id":1947,"href":"http:\/\/www.karate-sochaczew.pl\/index.php\/wp-json\/wp\/v2\/posts\/1946\/revisions\/1947"}],"wp:attachment":[{"href":"http:\/\/www.karate-sochaczew.pl\/index.php\/wp-json\/wp\/v2\/media?parent=1946"}],"wp:term":[{"taxonomy":"category","embeddable":true,"href":"http:\/\/www.karate-sochaczew.pl\/index.php\/wp-json\/wp\/v2\/categories?post=1946"},{"taxonomy":"post_tag","embeddable":true,"href":"http:\/\/www.karate-sochaczew.pl\/index.php\/wp-json\/wp\/v2\/tags?post=1946"}],"curies":[{"name":"wp","href":"https:\/\/api.w.org\/{rel}","templated":true}]}}