{"id":1949,"date":"2022-02-03T16:01:10","date_gmt":"2022-02-03T15:01:10","guid":{"rendered":"http:\/\/www.karate-sochaczew.pl\/?p=1949"},"modified":"2022-04-26T09:58:35","modified_gmt":"2022-04-26T07:58:35","slug":"oboz-letni-karate-zapisy","status":"publish","type":"post","link":"http:\/\/www.karate-sochaczew.pl\/index.php\/2022\/02\/03\/oboz-letni-karate-zapisy\/","title":{"rendered":"OB\u00d3Z LETNI KARATE &#8212; ZAPISY&#8211;"},"content":{"rendered":"<div class=\"\" data-block=\"true\" data-editor=\"563s4\" data-offset-key=\"d99bp-0-0\">\n<div class=\"_1mf _1mj\" data-offset-key=\"d99bp-0-0\"><strong>UWAGA. Zwolni\u0142y nam si\u0119 2 miejsca na Letni Ob\u00f3z &#8211; Ch\u0119tni prosimy o kontakt pod nr tel 608 661 245<\/strong><\/div>\n<div class=\"_1mf _1mj\" data-offset-key=\"d99bp-0-0\"><\/div>\n<div class=\"_1mf _1mj\" data-offset-key=\"d99bp-0-0\"><span data-offset-key=\"d99bp-0-0\"><span data-text=\"true\">?UWAGA? Rozpoczynamy zapisy na Letni Ob\u00f3z Karate Tradycyjnego?\u2600\ufe0fJaros\u0142awiec 2022<\/span><\/span><\/div>\n<\/div>\n<div class=\"\" data-block=\"true\" data-editor=\"563s4\" data-offset-key=\"bl74n-0-0\">\n<div class=\"_1mf _1mj\" data-offset-key=\"bl74n-0-0\"><span data-offset-key=\"bl74n-0-0\"><span data-text=\"true\">?<strong>ZAPISY<\/strong>? Celem wst\u0119pnego zarezerwowania miejsca &#8211; <strong>Prosz\u0119 wys\u0142a\u0107 SMS pod numer 608 661 245<\/strong> <\/span><\/span><\/div>\n<div class=\"_1mf _1mj\" data-offset-key=\"bl74n-0-0\"><span data-offset-key=\"bl74n-0-0\"><span data-text=\"true\">o tre\u015bci: <strong>Imi\u0119 i nazwisko dziecka z dopiskiem Ob\u00f3z Letni 2022<\/strong>. <\/span><\/span><\/div>\n<\/div>\n<div class=\"\" data-block=\"true\" data-editor=\"563s4\" data-offset-key=\"5qkqr-0-0\">\n<div class=\"_1mf _1mj\" data-offset-key=\"5qkqr-0-0\"><span data-offset-key=\"5qkqr-0-0\"><span data-text=\"true\">?Zaliczk\u0119, kt\u00f3ra w pe\u0142ni potwierdza rezerwacj\u0119 &#8211; wp\u0142acamy zgodnie z info na poni\u017cszej ulotce. <\/span><\/span><\/div>\n<\/div>\n<div class=\"\" data-block=\"true\" data-editor=\"563s4\" data-offset-key=\"40f1k-0-0\">\n<div class=\"_1mf _1mj\" data-offset-key=\"40f1k-0-0\"><span data-offset-key=\"40f1k-0-0\"><span data-text=\"true\">W przypadku rezygnacji z Obozu zaliczka zostanie zwr\u00f3cona jedynie w momencie wype\u0142nienia miejsca z listy rezerwowej.<\/span><\/span><\/div>\n<\/div>\n<div class=\"\" data-block=\"true\" data-editor=\"563s4\" data-offset-key=\"4skk6-0-0\">\n<div class=\"_1mf _1mj\" data-offset-key=\"4skk6-0-0\"><span data-offset-key=\"4skk6-0-0\"><span data-text=\"true\">?W zwi\u0105zku z tym, i\u017c w ubieg\u0142ym roku miejsca na Ob\u00f3z Letni rozesz\u0142y si\u0119 do\u015b\u0107 szybko &#8211; przypominamy, i\u017c <strong>mamy ograniczon\u0105 liczb\u0119 miejsc<\/strong>.<\/span><\/span><\/div>\n<\/div>\n<div class=\"\" data-block=\"true\" data-editor=\"563s4\" data-offset-key=\"2oqhg-0-0\">\n<div class=\"_1mf _1mj\" data-offset-key=\"2oqhg-0-0\"><span data-offset-key=\"2oqhg-0-0\"><span data-text=\"true\">\u00a0 \u00a0 \u00a0 \u00a0 \u00a0 \u00a0 \u00a0 \u00a0 \u00a0\u2600\ufe0f ZAPRASZAMY\u2600\ufe0f<img decoding=\"async\" loading=\"lazy\" class=\"aligncenter size-full wp-image-1950\" src=\"http:\/\/www.karate-sochaczew.pl\/wp-content\/uploads\/2022\/02\/1.png\" alt=\"1\" width=\"1414\" height=\"2000\" srcset=\"http:\/\/www.karate-sochaczew.pl\/wp-content\/uploads\/2022\/02\/1.png 1414w, http:\/\/www.karate-sochaczew.pl\/wp-content\/uploads\/2022\/02\/1-212x300.png 212w, http:\/\/www.karate-sochaczew.pl\/wp-content\/uploads\/2022\/02\/1-768x1086.png 768w, http:\/\/www.karate-sochaczew.pl\/wp-content\/uploads\/2022\/02\/1-724x1024.png 724w\" sizes=\"(max-width: 1414px) 100vw, 1414px\" \/><img decoding=\"async\" loading=\"lazy\" class=\"aligncenter size-full wp-image-1951\" src=\"http:\/\/www.karate-sochaczew.pl\/wp-content\/uploads\/2022\/02\/2.png\" alt=\"2\" width=\"1414\" height=\"2000\" srcset=\"http:\/\/www.karate-sochaczew.pl\/wp-content\/uploads\/2022\/02\/2.png 1414w, http:\/\/www.karate-sochaczew.pl\/wp-content\/uploads\/2022\/02\/2-212x300.png 212w, http:\/\/www.karate-sochaczew.pl\/wp-content\/uploads\/2022\/02\/2-768x1086.png 768w, http:\/\/www.karate-sochaczew.pl\/wp-content\/uploads\/2022\/02\/2-724x1024.png 724w\" sizes=\"(max-width: 1414px) 100vw, 1414px\" \/><br \/>\n<\/span><\/span><\/div>\n<\/div>\n","protected":false},"excerpt":{"rendered":"<p>UWAGA. Zwolni\u0142y nam si\u0119 2 miejsca na Letni Ob\u00f3z &#8211; Ch\u0119tni prosimy o kontakt pod nr tel 608 661 245 ?UWAGA? Rozpoczynamy zapisy na Letni Ob\u00f3z Karate Tradycyjnego?\u2600\ufe0fJaros\u0142awiec 2022 ?ZAPISY? Celem wst\u0119pnego zarezerwowania miejsca &#8211; Prosz\u0119 wys\u0142a\u0107 SMS pod numer 608 661 245 o tre\u015bci: Imi\u0119 i nazwisko dziecka z dopiskiem Ob\u00f3z Letni 2022. ?Zaliczk\u0119, kt\u00f3ra w pe\u0142ni potwierdza rezerwacj\u0119<\/p>\n","protected":false},"author":1,"featured_media":0,"comment_status":"closed","ping_status":"closed","sticky":false,"template":"","format":"standard","meta":[],"categories":[1,18],"tags":[],"_links":{"self":[{"href":"http:\/\/www.karate-sochaczew.pl\/index.php\/wp-json\/wp\/v2\/posts\/1949"}],"collection":[{"href":"http:\/\/www.karate-sochaczew.pl\/index.php\/wp-json\/wp\/v2\/posts"}],"about":[{"href":"http:\/\/www.karate-sochaczew.pl\/index.php\/wp-json\/wp\/v2\/types\/post"}],"author":[{"embeddable":true,"href":"http:\/\/www.karate-sochaczew.pl\/index.php\/wp-json\/wp\/v2\/users\/1"}],"replies":[{"embeddable":true,"href":"http:\/\/www.karate-sochaczew.pl\/index.php\/wp-json\/wp\/v2\/comments?post=1949"}],"version-history":[{"count":4,"href":"http:\/\/www.karate-sochaczew.pl\/index.php\/wp-json\/wp\/v2\/posts\/1949\/revisions"}],"predecessor-version":[{"id":2103,"href":"http:\/\/www.karate-sochaczew.pl\/index.php\/wp-json\/wp\/v2\/posts\/1949\/revisions\/2103"}],"wp:attachment":[{"href":"http:\/\/www.karate-sochaczew.pl\/index.php\/wp-json\/wp\/v2\/media?parent=1949"}],"wp:term":[{"taxonomy":"category","embeddable":true,"href":"http:\/\/www.karate-sochaczew.pl\/index.php\/wp-json\/wp\/v2\/categories?post=1949"},{"taxonomy":"post_tag","embeddable":true,"href":"http:\/\/www.karate-sochaczew.pl\/index.php\/wp-json\/wp\/v2\/tags?post=1949"}],"curies":[{"name":"wp","href":"https:\/\/api.w.org\/{rel}","templated":true}]}}