{"id":1978,"date":"2022-02-16T13:02:46","date_gmt":"2022-02-16T12:02:46","guid":{"rendered":"http:\/\/www.karate-sochaczew.pl\/?p=1978"},"modified":"2022-02-17T10:45:36","modified_gmt":"2022-02-17T09:45:36","slug":"egzaminy-27-lutego-2022-sochaczew-szkola-podstawowa-nr-6","status":"publish","type":"post","link":"http:\/\/www.karate-sochaczew.pl\/index.php\/2022\/02\/16\/egzaminy-27-lutego-2022-sochaczew-szkola-podstawowa-nr-6\/","title":{"rendered":"Egzaminy &#8211; 27 lutego 2022 &#8211; Sochaczew Szko\u0142a Podstawowa nr 6"},"content":{"rendered":"<p><img decoding=\"async\" loading=\"lazy\" class=\"wp-image-1510 alignright\" src=\"http:\/\/www.karate-sochaczew.pl\/wp-content\/uploads\/2021\/01\/IMG_9894-1030x655.jpg\" alt=\"IMG_9894-1030x655\" width=\"403\" height=\"217\" srcset=\"http:\/\/www.karate-sochaczew.pl\/wp-content\/uploads\/2021\/01\/IMG_9894-1030x655.jpg 1030w, http:\/\/www.karate-sochaczew.pl\/wp-content\/uploads\/2021\/01\/IMG_9894-1030x655-300x162.jpg 300w, http:\/\/www.karate-sochaczew.pl\/wp-content\/uploads\/2021\/01\/IMG_9894-1030x655-768x414.jpg 768w, http:\/\/www.karate-sochaczew.pl\/wp-content\/uploads\/2021\/01\/IMG_9894-1030x655-1024x552.jpg 1024w\" sizes=\"(max-width: 403px) 100vw, 403px\" \/>Egzaminy s\u0105 \u00a0testem \u00a0umiej\u0119tno\u015bci, dzi\u0119ki kt\u00f3remu \u00a0mo\u017cemy odpowiedzie\u0107 sobie na pytanie na jakim etapie\/poziomie jest nasz Karate. Jest to pewnego rodzaju forma samo-sprawdzenia, jak i r\u00f3wnie\u017c doskona\u0142y cel do kt\u00f3rego d\u0105\u017cymy. Szczeg\u00f3lnie wa\u017cne jest to dla dzieci i m\u0142odzie\u017cy, poniewa\u017c zach\u0119ca m.in. do systematyczno\u015bci w treningu, jak i dbania o jako\u015b\u0107 swoich \u0107wicze\u0144.<\/p>\n<p>Egzamin przeprowadzi sensei\u00a0<strong>Jerzy Szcz\u0105chor<\/strong> \/ 4 DAN \/ Licencjonowany Egzaminator PZKT<\/p>\n<p><strong>\u00a0 <u>Aby przyst\u0105pi\u0107 do egzaminu nale\u017cy dope\u0142ni\u0107 nast\u0119puj\u0105cych formalno\u015bci:<\/u><\/strong><\/p>\n<ul>\n<li>Musimy mie\u0107 zgod\u0119 \/ rekomendacj\u0119 instruktora prowadz\u0105cego \/<\/li>\n<li>Nale\u017cy mie\u0107 op\u0142acone sk\u0142adki cz\u0142onkowskie \u2013 w\u0142\u0105cznie ze sk\u0142adk\u0105 za luty 2022<\/li>\n<li>Nale\u017cy wp\u0142aci\u0107 <strong><u>u instruktora<\/u><\/strong><strong><u>\/nie na konto<\/u><\/strong><strong><u>\/<\/u><\/strong> op\u0142at\u0119 egzaminacyjn\u0105 <strong>80,00 z\u0142<\/strong>.<\/li>\n<li>Nale\u017cy wype\u0142ni\u0107 Kart\u0119 egzaminacyjn\u0105 \/ za\u0142\u0105cznik poni\u017cej w formacie pdf \/ i przekaza\u0107 do instruktora wraz z op\u0142at\u0105 egzaminacyjn\u0105 najp\u00f3\u017aniej do\u00a0 24 lutego. Godzina egzaminu b\u0119dzie przydzielana w kolejno\u015bci zg\u0142osze\u0144. Lista zdaj\u0105cych wraz z godz. egzaminu b\u0119dzie zamieszczona na stronie <strong>karate-sochaczew.pl<br \/>\n<\/strong><\/li>\n<li>Nale\u017cy mie\u0107 op\u0142acon\u0105 licencj\u0119 Polskiego Zwi\u0105zku Karate Tradycyjnego <strong>UWAGA\u00a0<\/strong>Zaznaczamy i\u017c licencj\u0119 op\u0142acamy\u00a0 <strong>NA \u00a0\u00a0KONTO\u00a0 \u00a0PZKT<\/strong> \/ nie na konto naszego klubu \/ Wp\u0142aty za Licencj\u0119 PZKT w wysoko\u015bci <strong>40<\/strong> z\u0142 od osoby nale\u017cy dokona\u0107 na konto Polskiego Zwi\u0105zku Karate Tradycyjnego <strong><u>58\u00a0 1160\u00a0 2202\u00a0 0000\u00a0 0003\u00a0 6414\u00a0 0476<\/u><\/strong><u>, Bank Millennium <\/u>wpisuj\u0105c w tre\u015bci przelewu dane \u0107wicz\u0105cego \/ imi\u0119 i nazwisko, dat\u0119 ur. oraz klub w kt\u00f3rym \u0107wiczy \/ zgodnie z podanym przyk\u0142adem. \u201eLicencja PZKT 2022, Jan Kowalski, ur. 01.01.2010, Karate Klub Sochaczew\u201d. Uwaga! Op\u0142acenie licencji PZKT jest warunkiem koniecznym aby przyst\u0105pi\u0107 do egzaminu na stopnie kyu i p\u00f3\u017aniejszej rejestracji stopnia w zwi\u0105zku! Licencja wa\u017cna jest 12 miesi\u0119cy.<\/li>\n<\/ul>\n<p><strong>ZAPISANIE na Egzamin nast\u0105pi jedynie po z\u0142o\u017ceniu Podpisanej Karty Egzaminacyjnej oraz po spe\u0142nieniu wszystkich wymog\u00f3w jw<\/strong>.<\/p>\n<p><a href=\"http:\/\/www.karate-sochaczew.pl\/wp-content\/uploads\/2022\/02\/Karta-Egzaminacyjna-27.02.2022.pdf\">Karta Egzaminacyjna 27.02.2022<\/a><\/p>\n<p><u><img decoding=\"async\" loading=\"lazy\" class=\"aligncenter size-full wp-image-1980\" src=\"http:\/\/www.karate-sochaczew.pl\/wp-content\/uploads\/2022\/02\/zaminy.png\" alt=\"zaminy\" width=\"1748\" height=\"1240\" srcset=\"http:\/\/www.karate-sochaczew.pl\/wp-content\/uploads\/2022\/02\/zaminy.png 1748w, http:\/\/www.karate-sochaczew.pl\/wp-content\/uploads\/2022\/02\/zaminy-300x213.png 300w, http:\/\/www.karate-sochaczew.pl\/wp-content\/uploads\/2022\/02\/zaminy-768x545.png 768w, http:\/\/www.karate-sochaczew.pl\/wp-content\/uploads\/2022\/02\/zaminy-1024x726.png 1024w\" sizes=\"(max-width: 1748px) 100vw, 1748px\" \/><\/u><\/p>\n","protected":false},"excerpt":{"rendered":"<p>Egzaminy s\u0105 \u00a0testem \u00a0umiej\u0119tno\u015bci, dzi\u0119ki kt\u00f3remu \u00a0mo\u017cemy odpowiedzie\u0107 sobie na pytanie na jakim etapie\/poziomie jest nasz Karate. Jest to pewnego rodzaju forma samo-sprawdzenia, jak i r\u00f3wnie\u017c doskona\u0142y cel do kt\u00f3rego d\u0105\u017cymy. Szczeg\u00f3lnie wa\u017cne jest to dla dzieci i m\u0142odzie\u017cy, poniewa\u017c zach\u0119ca m.in. do systematyczno\u015bci w treningu, jak i dbania o jako\u015b\u0107 swoich \u0107wicze\u0144. Egzamin przeprowadzi sensei\u00a0Jerzy Szcz\u0105chor \/ 4 DAN<\/p>\n","protected":false},"author":1,"featured_media":0,"comment_status":"closed","ping_status":"closed","sticky":false,"template":"","format":"standard","meta":[],"categories":[1],"tags":[],"_links":{"self":[{"href":"http:\/\/www.karate-sochaczew.pl\/index.php\/wp-json\/wp\/v2\/posts\/1978"}],"collection":[{"href":"http:\/\/www.karate-sochaczew.pl\/index.php\/wp-json\/wp\/v2\/posts"}],"about":[{"href":"http:\/\/www.karate-sochaczew.pl\/index.php\/wp-json\/wp\/v2\/types\/post"}],"author":[{"embeddable":true,"href":"http:\/\/www.karate-sochaczew.pl\/index.php\/wp-json\/wp\/v2\/users\/1"}],"replies":[{"embeddable":true,"href":"http:\/\/www.karate-sochaczew.pl\/index.php\/wp-json\/wp\/v2\/comments?post=1978"}],"version-history":[{"count":4,"href":"http:\/\/www.karate-sochaczew.pl\/index.php\/wp-json\/wp\/v2\/posts\/1978\/revisions"}],"predecessor-version":[{"id":1982,"href":"http:\/\/www.karate-sochaczew.pl\/index.php\/wp-json\/wp\/v2\/posts\/1978\/revisions\/1982"}],"wp:attachment":[{"href":"http:\/\/www.karate-sochaczew.pl\/index.php\/wp-json\/wp\/v2\/media?parent=1978"}],"wp:term":[{"taxonomy":"category","embeddable":true,"href":"http:\/\/www.karate-sochaczew.pl\/index.php\/wp-json\/wp\/v2\/categories?post=1978"},{"taxonomy":"post_tag","embeddable":true,"href":"http:\/\/www.karate-sochaczew.pl\/index.php\/wp-json\/wp\/v2\/tags?post=1978"}],"curies":[{"name":"wp","href":"https:\/\/api.w.org\/{rel}","templated":true}]}}