{"id":2037,"date":"2022-03-10T09:50:42","date_gmt":"2022-03-10T08:50:42","guid":{"rendered":"http:\/\/www.karate-sochaczew.pl\/?p=2037"},"modified":"2022-03-11T11:29:43","modified_gmt":"2022-03-11T10:29:43","slug":"oboz-letni-info-oboz-letni-lista","status":"publish","type":"post","link":"http:\/\/www.karate-sochaczew.pl\/index.php\/2022\/03\/10\/oboz-letni-info-oboz-letni-lista\/","title":{"rendered":"Ob\u00f3z Letni &#8211; INFO      Ob\u00f3z Letni &#8211; Lista"},"content":{"rendered":"<p>Przedstawiamy List\u0119 os\u00f3b, kt\u00f3re wst\u0119pnie maj\u0105 zarezerwowane miejsce na ob\u00f3z Letni Jaros\u0142awiec 2022. Aby w pe\u0142ni rezerwacja by\u0142a dokonana nale\u017cy najp\u00f3\u017aniej do 30 marca dokona\u0107 op\u0142aty rezerwacyjnej w wysoko\u015bci 600 z\u0142 na konto klubu lub u instruktora.\u00a0 \/<em>Nie dotyczy os\u00f3b, kt\u00f3re op\u0142aty ju\u017c dokona\u0142y<\/em> \/<\/p>\n<p>Nr konta\u00a0 Bank BNP Paribas\u00a0\u00a0<strong>36 1600 1462 1837 9630 0000 0001<\/strong><\/p>\n<p>Brak wp\u0142aty rezerwacyjnej\u00a0 do 30 marca b\u0119dzie uznane jako rezygnacja z obozu, w to miejsce wejdzie osoba z listy rezerwowej.<\/p>\n<p>W razie pyta\u0144 prosimy o kontakt 608 661 245 lub biuro@karate-sochaczew.pl<\/p>\n<p><img decoding=\"async\" loading=\"lazy\" class=\"aligncenter size-full wp-image-2038\" src=\"http:\/\/www.karate-sochaczew.pl\/wp-content\/uploads\/2022\/03\/lista-strona.jpg\" alt=\"lista-strona\" width=\"1654\" height=\"2339\" srcset=\"http:\/\/www.karate-sochaczew.pl\/wp-content\/uploads\/2022\/03\/lista-strona.jpg 1654w, http:\/\/www.karate-sochaczew.pl\/wp-content\/uploads\/2022\/03\/lista-strona-212x300.jpg 212w, http:\/\/www.karate-sochaczew.pl\/wp-content\/uploads\/2022\/03\/lista-strona-768x1086.jpg 768w, http:\/\/www.karate-sochaczew.pl\/wp-content\/uploads\/2022\/03\/lista-strona-724x1024.jpg 724w\" sizes=\"(max-width: 1654px) 100vw, 1654px\" \/><\/p>\n","protected":false},"excerpt":{"rendered":"<p>Przedstawiamy List\u0119 os\u00f3b, kt\u00f3re wst\u0119pnie maj\u0105 zarezerwowane miejsce na ob\u00f3z Letni Jaros\u0142awiec 2022. Aby w pe\u0142ni rezerwacja by\u0142a dokonana nale\u017cy najp\u00f3\u017aniej do 30 marca dokona\u0107 op\u0142aty rezerwacyjnej w wysoko\u015bci 600 z\u0142 na konto klubu lub u instruktora.\u00a0 \/Nie dotyczy os\u00f3b, kt\u00f3re op\u0142aty ju\u017c dokona\u0142y \/ Nr konta\u00a0 Bank BNP Paribas\u00a0\u00a036 1600 1462 1837 9630 0000 0001 Brak wp\u0142aty rezerwacyjnej\u00a0 do<\/p>\n","protected":false},"author":1,"featured_media":0,"comment_status":"closed","ping_status":"closed","sticky":false,"template":"","format":"standard","meta":[],"categories":[1],"tags":[],"_links":{"self":[{"href":"http:\/\/www.karate-sochaczew.pl\/index.php\/wp-json\/wp\/v2\/posts\/2037"}],"collection":[{"href":"http:\/\/www.karate-sochaczew.pl\/index.php\/wp-json\/wp\/v2\/posts"}],"about":[{"href":"http:\/\/www.karate-sochaczew.pl\/index.php\/wp-json\/wp\/v2\/types\/post"}],"author":[{"embeddable":true,"href":"http:\/\/www.karate-sochaczew.pl\/index.php\/wp-json\/wp\/v2\/users\/1"}],"replies":[{"embeddable":true,"href":"http:\/\/www.karate-sochaczew.pl\/index.php\/wp-json\/wp\/v2\/comments?post=2037"}],"version-history":[{"count":3,"href":"http:\/\/www.karate-sochaczew.pl\/index.php\/wp-json\/wp\/v2\/posts\/2037\/revisions"}],"predecessor-version":[{"id":2041,"href":"http:\/\/www.karate-sochaczew.pl\/index.php\/wp-json\/wp\/v2\/posts\/2037\/revisions\/2041"}],"wp:attachment":[{"href":"http:\/\/www.karate-sochaczew.pl\/index.php\/wp-json\/wp\/v2\/media?parent=2037"}],"wp:term":[{"taxonomy":"category","embeddable":true,"href":"http:\/\/www.karate-sochaczew.pl\/index.php\/wp-json\/wp\/v2\/categories?post=2037"},{"taxonomy":"post_tag","embeddable":true,"href":"http:\/\/www.karate-sochaczew.pl\/index.php\/wp-json\/wp\/v2\/tags?post=2037"}],"curies":[{"name":"wp","href":"https:\/\/api.w.org\/{rel}","templated":true}]}}