{"id":2087,"date":"2022-04-20T13:43:07","date_gmt":"2022-04-20T11:43:07","guid":{"rendered":"http:\/\/www.karate-sochaczew.pl\/?p=2087"},"modified":"2022-04-20T13:49:43","modified_gmt":"2022-04-20T11:49:43","slug":"uwaga-mini-kadra-mloda-kadra-korekta-terminu-zajec","status":"publish","type":"post","link":"http:\/\/www.karate-sochaczew.pl\/index.php\/2022\/04\/20\/uwaga-mini-kadra-mloda-kadra-korekta-terminu-zajec\/","title":{"rendered":"UWAGA &#8211; Mini Kadra ; M\u0142oda Kadra &#8211; korekta terminu zaj\u0119\u0107"},"content":{"rendered":"<p>UWAGA.<\/p>\n<ul>\n<li>Planowany trening z dnia 23 kwietnia \/ sobota \/ musimy przenie\u015b\u0107 na <strong>24 kwietnia niedziela. <\/strong><\/li>\n<li>Zaj\u0119cia odb\u0119d\u0105 si\u0119 na <strong>ul. Chopina 101 Sochaczew \/ Hala MOSiR \/<\/strong> nie w SP6<\/li>\n<li>Mini KADRA godz 11.00-12.00<\/li>\n<li>M\u0142oda KADRA godz 12.00 &#8211; 13.00<\/li>\n<\/ul>\n<p>Terminy, miejsce i godziny kolejnych zaj\u0119\u0107 nie ulegaj\u0105 zmianie.<\/p>\n<p>Za utrudnienia przepraszamy. W razie pyta\u0144 prosz\u0119 o kontakt 608 661 245<\/p>\n<p><img decoding=\"async\" loading=\"lazy\" class=\"aligncenter size-full wp-image-1925\" src=\"http:\/\/www.karate-sochaczew.pl\/wp-content\/uploads\/2022\/01\/info.jpg\" alt=\"info\" width=\"960\" height=\"504\" srcset=\"http:\/\/www.karate-sochaczew.pl\/wp-content\/uploads\/2022\/01\/info.jpg 960w, http:\/\/www.karate-sochaczew.pl\/wp-content\/uploads\/2022\/01\/info-300x158.jpg 300w, http:\/\/www.karate-sochaczew.pl\/wp-content\/uploads\/2022\/01\/info-768x403.jpg 768w\" sizes=\"(max-width: 960px) 100vw, 960px\" \/><\/p>\n","protected":false},"excerpt":{"rendered":"<p>UWAGA. Planowany trening z dnia 23 kwietnia \/ sobota \/ musimy przenie\u015b\u0107 na 24 kwietnia niedziela. Zaj\u0119cia odb\u0119d\u0105 si\u0119 na ul. Chopina 101 Sochaczew \/ Hala MOSiR \/ nie w SP6 Mini KADRA godz 11.00-12.00 M\u0142oda KADRA godz 12.00 &#8211; 13.00 Terminy, miejsce i godziny kolejnych zaj\u0119\u0107 nie ulegaj\u0105 zmianie. Za utrudnienia przepraszamy. W razie pyta\u0144 prosz\u0119 o kontakt 608<\/p>\n","protected":false},"author":1,"featured_media":0,"comment_status":"closed","ping_status":"closed","sticky":false,"template":"","format":"standard","meta":[],"categories":[1],"tags":[],"_links":{"self":[{"href":"http:\/\/www.karate-sochaczew.pl\/index.php\/wp-json\/wp\/v2\/posts\/2087"}],"collection":[{"href":"http:\/\/www.karate-sochaczew.pl\/index.php\/wp-json\/wp\/v2\/posts"}],"about":[{"href":"http:\/\/www.karate-sochaczew.pl\/index.php\/wp-json\/wp\/v2\/types\/post"}],"author":[{"embeddable":true,"href":"http:\/\/www.karate-sochaczew.pl\/index.php\/wp-json\/wp\/v2\/users\/1"}],"replies":[{"embeddable":true,"href":"http:\/\/www.karate-sochaczew.pl\/index.php\/wp-json\/wp\/v2\/comments?post=2087"}],"version-history":[{"count":2,"href":"http:\/\/www.karate-sochaczew.pl\/index.php\/wp-json\/wp\/v2\/posts\/2087\/revisions"}],"predecessor-version":[{"id":2090,"href":"http:\/\/www.karate-sochaczew.pl\/index.php\/wp-json\/wp\/v2\/posts\/2087\/revisions\/2090"}],"wp:attachment":[{"href":"http:\/\/www.karate-sochaczew.pl\/index.php\/wp-json\/wp\/v2\/media?parent=2087"}],"wp:term":[{"taxonomy":"category","embeddable":true,"href":"http:\/\/www.karate-sochaczew.pl\/index.php\/wp-json\/wp\/v2\/categories?post=2087"},{"taxonomy":"post_tag","embeddable":true,"href":"http:\/\/www.karate-sochaczew.pl\/index.php\/wp-json\/wp\/v2\/tags?post=2087"}],"curies":[{"name":"wp","href":"https:\/\/api.w.org\/{rel}","templated":true}]}}