{"id":2091,"date":"2022-04-22T08:22:52","date_gmt":"2022-04-22T06:22:52","guid":{"rendered":"http:\/\/www.karate-sochaczew.pl\/?p=2091"},"modified":"2022-04-22T08:59:37","modified_gmt":"2022-04-22T06:59:37","slug":"oboz-karate-wilkasy-2022","status":"publish","type":"post","link":"http:\/\/www.karate-sochaczew.pl\/index.php\/2022\/04\/22\/oboz-karate-wilkasy-2022\/","title":{"rendered":"Ob\u00f3z KARATE &#8211; Wilkasy 2022"},"content":{"rendered":"<p class=\"v1MsoNormal\"><img decoding=\"async\" loading=\"lazy\" class=\"wp-image-2093 alignright\" src=\"http:\/\/www.karate-sochaczew.pl\/wp-content\/uploads\/2022\/04\/azs.jpg\" alt=\"azs\" width=\"254\" height=\"191\" srcset=\"http:\/\/www.karate-sochaczew.pl\/wp-content\/uploads\/2022\/04\/azs.jpg 1024w, http:\/\/www.karate-sochaczew.pl\/wp-content\/uploads\/2022\/04\/azs-300x225.jpg 300w, http:\/\/www.karate-sochaczew.pl\/wp-content\/uploads\/2022\/04\/azs-768x576.jpg 768w\" sizes=\"(max-width: 254px) 100vw, 254px\" \/><\/p>\n<p class=\"v1MsoNormal\">Szanowni Pa\u0144stwo,<\/p>\n<p class=\"v1MsoNormal\">poniewa\u017c zbli\u017camy si\u0119 do wyjazdu na zgrupowanie do Wilkas\u00f3w, w tym roku nazwane &#8222;Maj\u00f3wka z Karate&#8221; podajemy informacje organizacyjne. Osobom,kt\u00f3re nie uregulowa\u0142y jeszcze ca\u0142ej nale\u017cno\u015bci za wyjazd przypominam, \u017ce nale\u017cy to zrobi\u0107 do 26.04.2022 na konto MZKT lub got\u00f3wka w biurze w dniu wyjazdu.<\/p>\n<p class=\"v1MsoNormal\"><strong>Dofinansowanie<\/strong>: Osoby, kt\u00f3re zaj\u0119\u0142y w lidze miejsca 1-4 w Mazowieckiej Lidze Karate Tradycyjnego otrzymuj\u0105 dofinansowanie 100 z\u0142. z Mazowieckiego Zwi\u0105zku Karate Tradycyjnego. Dodatkowo osoby, kt\u00f3re startowa\u0142y w tym roku w Lidze otrzymuj\u0105 dofinansowanie z Karate Klub Sochaczew 100 z\u0142. \/ Miejsca 1 -150,00 \/.<\/p>\n<ol start=\"1\" type=\"1\">\n<li class=\"v1MsoListParagraph\">Ania Wysocka &#8211; dofinansowanie z MZKT 100 z KKS 150<\/li>\n<li class=\"v1MsoListParagraph\">Franek O\u0142tarzewski &#8211; dofinasowanie z KKS 100<\/li>\n<li class=\"v1MsoListParagraph\">Oskar Obcowski &#8211; dofinansowanie z MZKT 100 z KKS 100<\/li>\n<li class=\"v1MsoListParagraph\">Filip Twardowski &#8211; dofinasowanie z KKS 100<\/li>\n<li class=\"v1MsoListParagraph\">Jan Bryczek<\/li>\n<li class=\"v1MsoListParagraph\">Stanis\u0142aw Bryczek &#8211; dofinasowanie z KKS 100<\/li>\n<li class=\"v1MsoListParagraph\">Adam W\u0142odarczyk &#8211; dofinansowanie z KKS 100<\/li>\n<li class=\"v1MsoListParagraph\">Tomek W\u0142odarczyk<\/li>\n<li class=\"v1MsoListParagraph\">Bartek Sa\u0142aci\u0144ski &#8211; dofinansowanie z KKS 100<\/li>\n<li class=\"v1MsoListParagraph\">Piotr Magdal\u0144ski &#8211; dofinasowanie z KKS 100<\/li>\n<li class=\"v1MsoListParagraph\">Marcel Kawecki &#8211; dofinasowanie z MZKT 100 z KKS 100<\/li>\n<li class=\"v1MsoListParagraph\">Dawid Ka\u017amirowski<\/li>\n<\/ol>\n<p class=\"v1MsoNormal\"><strong>WYJAZD<\/strong>: 29.04.2022 zbi\u00f3rka w Akademii KK Pruszk\u00f3w, ul. Sosnowa 16, godzina 8.30<\/p>\n<p class=\"v1MsoNormal\"><strong>POWR\u00d3T<\/strong>: 03.05.2022 do Akademii oko\u0142o po\u0142udnia +\/-<\/p>\n<p class=\"v1MsoNormal\">Nale\u017cy zabra\u0107 ze sob\u0105:<\/p>\n<p class=\"v1MsoNormal\">1. karate-gi z pasem<\/p>\n<p class=\"v1MsoNormal\">2. wygodn\u0105 odzie\u017c, w tym rzeczy osobiste, dres,kurtk\u0119 przeciwdeszczow\u0105, sportowe buty<\/p>\n<p class=\"v1MsoNormal\">3. str\u00f3j kapielowy, r\u0119cznik na basen, klapki<\/p>\n<p class=\"v1MsoNormal\">4. r\u0119cznik i przybory toaletowe<\/p>\n<p class=\"v1MsoNormal\">Prosimy nie zabiera\u0107 ze sob\u0105 rzeczy warto\u015bciowych, za kt\u00f3re opiekunowie nie ponosz\u0105 odpowiedzialno\u015bci.<\/p>\n<p class=\"v1MsoNormal\">Osoby, kt\u00f3re maj\u0105 chorob\u0119 lokomocyjn\u0105 powinny za\u017cy\u0107 przed podr\u00f3\u017c\u0105 stosowne leki oraz mie\u0107 je ze sob\u0105 na powr\u00f3t. Nale\u017cy mie\u0107 ze sob\u0105 drobne kieszonkowe na ewentualne zakupy w czasie podr\u00f3\u017cy i pobytu (napoje, przek\u0105ski). <strong>MZKT zabezpiecza wode na treningi.\u00a0<\/strong><\/p>\n<p class=\"v1MsoNormal\">Poni\u017cej\u00a0 <strong>karta uczestnika zgrupowania<\/strong>, kt\u00f3r\u0105 prosz\u0119 wype\u0142nic i podpisa\u0107. Wype\u0142nion\u0105 kart\u0119 nale\u017cy przekaza\u0107 instruktorom na zbi\u00f3rce.<\/p>\n<p class=\"v1MsoNormal\">Aneta R\u00f3za\u0144ska MZKT<\/p>\n<table class=\"v1MsoNormalTable\" style=\"height: 53px;\" border=\"0\" width=\"552\" cellspacing=\"0\" cellpadding=\"0\">\n<tbody>\n<tr>\n<td valign=\"top\">\n<p class=\"v1MsoNormal\"><a href=\"http:\/\/www.karate-sochaczew.pl\/wp-content\/uploads\/2022\/04\/KARTA-UCZESTNIKA-ZGRUPOWANIA-2.docx\">KARTA UCZESTNIKA ZGRUPOWANIA (2)<\/a><\/p>\n<\/td>\n<\/tr>\n<\/tbody>\n<\/table>\n","protected":false},"excerpt":{"rendered":"<p>Szanowni Pa\u0144stwo, poniewa\u017c zbli\u017camy si\u0119 do wyjazdu na zgrupowanie do Wilkas\u00f3w, w tym roku nazwane &#8222;Maj\u00f3wka z Karate&#8221; podajemy informacje organizacyjne. Osobom,kt\u00f3re nie uregulowa\u0142y jeszcze ca\u0142ej nale\u017cno\u015bci za wyjazd przypominam, \u017ce nale\u017cy to zrobi\u0107 do 26.04.2022 na konto MZKT lub got\u00f3wka w biurze w dniu wyjazdu. Dofinansowanie: Osoby, kt\u00f3re zaj\u0119\u0142y w lidze miejsca 1-4 w Mazowieckiej Lidze Karate Tradycyjnego otrzymuj\u0105<\/p>\n","protected":false},"author":1,"featured_media":0,"comment_status":"closed","ping_status":"closed","sticky":false,"template":"","format":"standard","meta":[],"categories":[1],"tags":[],"_links":{"self":[{"href":"http:\/\/www.karate-sochaczew.pl\/index.php\/wp-json\/wp\/v2\/posts\/2091"}],"collection":[{"href":"http:\/\/www.karate-sochaczew.pl\/index.php\/wp-json\/wp\/v2\/posts"}],"about":[{"href":"http:\/\/www.karate-sochaczew.pl\/index.php\/wp-json\/wp\/v2\/types\/post"}],"author":[{"embeddable":true,"href":"http:\/\/www.karate-sochaczew.pl\/index.php\/wp-json\/wp\/v2\/users\/1"}],"replies":[{"embeddable":true,"href":"http:\/\/www.karate-sochaczew.pl\/index.php\/wp-json\/wp\/v2\/comments?post=2091"}],"version-history":[{"count":4,"href":"http:\/\/www.karate-sochaczew.pl\/index.php\/wp-json\/wp\/v2\/posts\/2091\/revisions"}],"predecessor-version":[{"id":2097,"href":"http:\/\/www.karate-sochaczew.pl\/index.php\/wp-json\/wp\/v2\/posts\/2091\/revisions\/2097"}],"wp:attachment":[{"href":"http:\/\/www.karate-sochaczew.pl\/index.php\/wp-json\/wp\/v2\/media?parent=2091"}],"wp:term":[{"taxonomy":"category","embeddable":true,"href":"http:\/\/www.karate-sochaczew.pl\/index.php\/wp-json\/wp\/v2\/categories?post=2091"},{"taxonomy":"post_tag","embeddable":true,"href":"http:\/\/www.karate-sochaczew.pl\/index.php\/wp-json\/wp\/v2\/tags?post=2091"}],"curies":[{"name":"wp","href":"https:\/\/api.w.org\/{rel}","templated":true}]}}