{"id":2098,"date":"2022-04-25T13:42:34","date_gmt":"2022-04-25T11:42:34","guid":{"rendered":"http:\/\/www.karate-sochaczew.pl\/?p=2098"},"modified":"2022-04-25T13:49:54","modified_gmt":"2022-04-25T11:49:54","slug":"szkolenie-dla-brazowych-pasow","status":"publish","type":"post","link":"http:\/\/www.karate-sochaczew.pl\/index.php\/2022\/04\/25\/szkolenie-dla-brazowych-pasow\/","title":{"rendered":"Szkolenie dla Br\u0105zowych Pas\u00f3w"},"content":{"rendered":"<p>Zapraszamy karatek\u00f3w z minimum 3 kyu na\u00a0mi\u0119dzynarodowe szkolenie z Sensei Vinicio Antony, kt\u00f3re odb\u0119dzie si\u0119 w dniach 25 &#8211; 26 czerwca 2022 w Nowym S\u0105czu w Hali Mosir przy ul. Nadbrze\u017cnej. Instruktor ten aplikuje elementy karate tradycyjnego do mieszanych sztuk walki. Trenowa\u0142 zawodnik\u00f3w UFC takich jak Lyoto Machida i Vitor Belfort.<\/p>\n<p>Nocleg w Hotelu Beskid 4*<\/p>\n<p>wyjazd 24 czerwca piatek powr\u00f3t niedziela 26 czerwca 2022<\/p>\n<p>Klub zapewnia dojazd \/ z sensejem \/<\/p>\n<p>Klub zapewnia zakwaterowanie w hotelu.<\/p>\n<p>Klub zapewnia wy\u017cywienie.<\/p>\n<p>Klub zapewnia opiek\u0119.<\/p>\n<p>Koszt seminarium <strong>50 Euro \/ok 250 z\u0142. \/ pokrywa zawodnik.<\/strong><\/p>\n<p><img decoding=\"async\" loading=\"lazy\" class=\"aligncenter size-full wp-image-2099\" src=\"http:\/\/www.karate-sochaczew.pl\/wp-content\/uploads\/2022\/04\/vincio.jpg\" alt=\"vincio\" width=\"1401\" height=\"2048\" srcset=\"http:\/\/www.karate-sochaczew.pl\/wp-content\/uploads\/2022\/04\/vincio.jpg 1401w, http:\/\/www.karate-sochaczew.pl\/wp-content\/uploads\/2022\/04\/vincio-205x300.jpg 205w, http:\/\/www.karate-sochaczew.pl\/wp-content\/uploads\/2022\/04\/vincio-768x1123.jpg 768w, http:\/\/www.karate-sochaczew.pl\/wp-content\/uploads\/2022\/04\/vincio-701x1024.jpg 701w\" sizes=\"(max-width: 1401px) 100vw, 1401px\" \/><\/p>\n","protected":false},"excerpt":{"rendered":"<p>Zapraszamy karatek\u00f3w z minimum 3 kyu na\u00a0mi\u0119dzynarodowe szkolenie z Sensei Vinicio Antony, kt\u00f3re odb\u0119dzie si\u0119 w dniach 25 &#8211; 26 czerwca 2022 w Nowym S\u0105czu w Hali Mosir przy ul. Nadbrze\u017cnej. Instruktor ten aplikuje elementy karate tradycyjnego do mieszanych sztuk walki. Trenowa\u0142 zawodnik\u00f3w UFC takich jak Lyoto Machida i Vitor Belfort. Nocleg w Hotelu Beskid 4* wyjazd 24 czerwca piatek<\/p>\n","protected":false},"author":1,"featured_media":0,"comment_status":"closed","ping_status":"closed","sticky":false,"template":"","format":"standard","meta":[],"categories":[1],"tags":[],"_links":{"self":[{"href":"http:\/\/www.karate-sochaczew.pl\/index.php\/wp-json\/wp\/v2\/posts\/2098"}],"collection":[{"href":"http:\/\/www.karate-sochaczew.pl\/index.php\/wp-json\/wp\/v2\/posts"}],"about":[{"href":"http:\/\/www.karate-sochaczew.pl\/index.php\/wp-json\/wp\/v2\/types\/post"}],"author":[{"embeddable":true,"href":"http:\/\/www.karate-sochaczew.pl\/index.php\/wp-json\/wp\/v2\/users\/1"}],"replies":[{"embeddable":true,"href":"http:\/\/www.karate-sochaczew.pl\/index.php\/wp-json\/wp\/v2\/comments?post=2098"}],"version-history":[{"count":2,"href":"http:\/\/www.karate-sochaczew.pl\/index.php\/wp-json\/wp\/v2\/posts\/2098\/revisions"}],"predecessor-version":[{"id":2102,"href":"http:\/\/www.karate-sochaczew.pl\/index.php\/wp-json\/wp\/v2\/posts\/2098\/revisions\/2102"}],"wp:attachment":[{"href":"http:\/\/www.karate-sochaczew.pl\/index.php\/wp-json\/wp\/v2\/media?parent=2098"}],"wp:term":[{"taxonomy":"category","embeddable":true,"href":"http:\/\/www.karate-sochaczew.pl\/index.php\/wp-json\/wp\/v2\/categories?post=2098"},{"taxonomy":"post_tag","embeddable":true,"href":"http:\/\/www.karate-sochaczew.pl\/index.php\/wp-json\/wp\/v2\/tags?post=2098"}],"curies":[{"name":"wp","href":"https:\/\/api.w.org\/{rel}","templated":true}]}}