{"id":2104,"date":"2022-04-27T11:27:08","date_gmt":"2022-04-27T09:27:08","guid":{"rendered":"http:\/\/www.karate-sochaczew.pl\/?p=2104"},"modified":"2022-05-04T09:45:09","modified_gmt":"2022-05-04T07:45:09","slug":"info-wilkasy","status":"publish","type":"post","link":"http:\/\/www.karate-sochaczew.pl\/index.php\/2022\/04\/27\/info-wilkasy\/","title":{"rendered":"Zawody KARATE &#8211; Sochaczew 14 maja 2022"},"content":{"rendered":"<p><img decoding=\"async\" loading=\"lazy\" class=\"aligncenter wp-image-2113\" src=\"http:\/\/www.karate-sochaczew.pl\/wp-content\/uploads\/2022\/04\/mistrz-woj-fb.png\" alt=\"mistrz woj fb\" width=\"687\" height=\"261\" srcset=\"http:\/\/www.karate-sochaczew.pl\/wp-content\/uploads\/2022\/04\/mistrz-woj-fb.png 2050w, http:\/\/www.karate-sochaczew.pl\/wp-content\/uploads\/2022\/04\/mistrz-woj-fb-300x114.png 300w, http:\/\/www.karate-sochaczew.pl\/wp-content\/uploads\/2022\/04\/mistrz-woj-fb-768x292.png 768w, http:\/\/www.karate-sochaczew.pl\/wp-content\/uploads\/2022\/04\/mistrz-woj-fb-1024x390.png 1024w\" sizes=\"(max-width: 687px) 100vw, 687px\" \/><\/p>\n<p>14 maja 2022 nasz klub b\u0119dzie wsp\u00f3\u0142organizowa\u0142 Mistrzostwa Wojew\u00f3dztwa Mazowieckiego w Karate Tradycyjnym. W zwi\u0105zku z tym, \u017ce zawody organizujemy u nas, zale\u017cy nam na tym aby\u015bmy wystawili jedn\u0105 z najmocniejszych i najliczniejszych EKIP :). Zapraszamy do startu dzieci w wieku od 4 roku \u017cycia pocz\u0105wszy do kategorii senior sko\u0144czywszy. Przewidziana jest konkurencja dla najm\u0142odszych \/ turniej pierwszego kroku \/.<\/p>\n<p>Miejsce &#8211; Sochaczew ul. Chopina 101 \/ Hala MOSiR Chodak\u00f3w \/<\/p>\n<p><img decoding=\"async\" loading=\"lazy\" class=\"wp-image-2112 alignright\" src=\"http:\/\/www.karate-sochaczew.pl\/wp-content\/uploads\/2022\/04\/zzzzzzzzzzzzzzzzzzz.jpg\" alt=\"zzzzzzzzzzzzzzzzzzz\" width=\"197\" height=\"250\" srcset=\"http:\/\/www.karate-sochaczew.pl\/wp-content\/uploads\/2022\/04\/zzzzzzzzzzzzzzzzzzz.jpg 1354w, http:\/\/www.karate-sochaczew.pl\/wp-content\/uploads\/2022\/04\/zzzzzzzzzzzzzzzzzzz-236x300.jpg 236w, http:\/\/www.karate-sochaczew.pl\/wp-content\/uploads\/2022\/04\/zzzzzzzzzzzzzzzzzzz-768x974.jpg 768w, http:\/\/www.karate-sochaczew.pl\/wp-content\/uploads\/2022\/04\/zzzzzzzzzzzzzzzzzzz-807x1024.jpg 807w\" sizes=\"(max-width: 197px) 100vw, 197px\" \/><\/p>\n<p>ZAPISY- SMS o tre\u015bci &#8222;imi\u0119 i nazwisko Dziecka dopisek MWOJ&#8221; pod nr tel 608 661 245<\/p>\n<p>&#8211; Op\u0142ata startowa 50 z\u0142.<\/p>\n<p>\/ ka\u017cda nast\u0119pna konkurencja 10 z\u0142. \/ &#8211; dotyczy bardziej zaawansowanych karatek\u00f3w<\/p>\n<p>&#8211; Startowe wp\u0142acamy u instruktora.<\/p>\n<p>Zawody odbywa\u0107 si\u0119 b\u0119d\u0105 przy udziale publiczno\u015bci, wst\u0119p wolny \ud83d\ude42<\/p>\n<p><strong>ZAPISY trwaj\u0105 do 10 maja 2022<\/strong><\/p>\n<p>Zawody rozpoczn\u0105 si\u0119 o godzinie 10.00 od najm\u0142odszych grup \/ dok\u0142adniejsz\u0105 rozpisk\u0119 podamy w przysz\u0142ym tygodniu w momencie poznania zbli\u017conej ilo\u015bci startuj\u0105cych \/<\/p>\n<p>W razie jakichkolwiek pyta\u0144 prosz\u0119 o kontakt pod nr tel 608 661 245<\/p>\n<p>https:\/\/www.facebook.com\/events\/817378502585296<\/p>\n<p>&nbsp;<\/p>\n","protected":false},"excerpt":{"rendered":"<p>14 maja 2022 nasz klub b\u0119dzie wsp\u00f3\u0142organizowa\u0142 Mistrzostwa Wojew\u00f3dztwa Mazowieckiego w Karate Tradycyjnym. W zwi\u0105zku z tym, \u017ce zawody organizujemy u nas, zale\u017cy nam na tym aby\u015bmy wystawili jedn\u0105 z najmocniejszych i najliczniejszych EKIP :). Zapraszamy do startu dzieci w wieku od 4 roku \u017cycia pocz\u0105wszy do kategorii senior sko\u0144czywszy. Przewidziana jest konkurencja dla najm\u0142odszych \/ turniej pierwszego kroku \/.<\/p>\n","protected":false},"author":1,"featured_media":0,"comment_status":"closed","ping_status":"closed","sticky":false,"template":"","format":"standard","meta":[],"categories":[1],"tags":[],"_links":{"self":[{"href":"http:\/\/www.karate-sochaczew.pl\/index.php\/wp-json\/wp\/v2\/posts\/2104"}],"collection":[{"href":"http:\/\/www.karate-sochaczew.pl\/index.php\/wp-json\/wp\/v2\/posts"}],"about":[{"href":"http:\/\/www.karate-sochaczew.pl\/index.php\/wp-json\/wp\/v2\/types\/post"}],"author":[{"embeddable":true,"href":"http:\/\/www.karate-sochaczew.pl\/index.php\/wp-json\/wp\/v2\/users\/1"}],"replies":[{"embeddable":true,"href":"http:\/\/www.karate-sochaczew.pl\/index.php\/wp-json\/wp\/v2\/comments?post=2104"}],"version-history":[{"count":4,"href":"http:\/\/www.karate-sochaczew.pl\/index.php\/wp-json\/wp\/v2\/posts\/2104\/revisions"}],"predecessor-version":[{"id":2115,"href":"http:\/\/www.karate-sochaczew.pl\/index.php\/wp-json\/wp\/v2\/posts\/2104\/revisions\/2115"}],"wp:attachment":[{"href":"http:\/\/www.karate-sochaczew.pl\/index.php\/wp-json\/wp\/v2\/media?parent=2104"}],"wp:term":[{"taxonomy":"category","embeddable":true,"href":"http:\/\/www.karate-sochaczew.pl\/index.php\/wp-json\/wp\/v2\/categories?post=2104"},{"taxonomy":"post_tag","embeddable":true,"href":"http:\/\/www.karate-sochaczew.pl\/index.php\/wp-json\/wp\/v2\/tags?post=2104"}],"curies":[{"name":"wp","href":"https:\/\/api.w.org\/{rel}","templated":true}]}}