{"id":2125,"date":"2022-05-19T07:04:45","date_gmt":"2022-05-19T05:04:45","guid":{"rendered":"http:\/\/www.karate-sochaczew.pl\/?p=2125"},"modified":"2022-05-19T07:04:45","modified_gmt":"2022-05-19T05:04:45","slug":"puchar-warszawskiej-syrenki-22-05-2022-zapraszamy-do-startu","status":"publish","type":"post","link":"http:\/\/www.karate-sochaczew.pl\/index.php\/2022\/05\/19\/puchar-warszawskiej-syrenki-22-05-2022-zapraszamy-do-startu\/","title":{"rendered":"Puchar Warszawskiej Syrenki 22.05.2022 &#8211; Zapraszamy do Startu"},"content":{"rendered":"<div dir=\"auto\">Zapraszamy do udzia\u0142u w zawodach <a class=\"oajrlxb2 g5ia77u1 qu0x051f esr5mh6w e9989ue4 r7d6kgcz rq0escxv nhd2j8a9 nc684nl6 p7hjln8o kvgmc6g5 cxmmr5t8 oygrvhab hcukyx3x jb3vyjys rz4wbd8a qt6c0cv9 a8nywdso i1ao9s8h esuyzwwr f1sip0of lzcic4wl gpro0wi8 q66pz984 b1v8xokw\" tabindex=\"0\" href=\"https:\/\/www.facebook.com\/events\/684112592702622\/?__cft__[0]=AZV1U6xzC1CDWIO_JynchIMEsJYDSGWosagbme7ETA1FR0YHPNtXQnO0YoqWlVb8424lwfT06A8L5NDluxrnUi62dxZGT1YCTSHYyns4FLQ-aSmCQq8mmoZqwLM8quCoGJiRuNvcoL5jg_OaoDe6dMH2Rvnh2B7AZ76WmOzLzDHYsAcaMV-gxCXUZJX4MOb9WAE&amp;__tn__=-UK-R\"><span class=\"nc684nl6\">II Turniej o Puchar Warszawskiej Syrenki w Karate Tradycyjnym<\/span><\/a> Zawody odb\u0119d\u0105 si\u0119 29 maja 2022r. w Warszawie \/ Hala Sportowa Szko\u0142y Podstawowej nr 340, ul. Lokajskiego 3. \/. Startowa\u0107 mog\u0105 r\u00f3wnie\u017c najm\u0142odsi &#8211; 2015 i m\u0142odsi \/biale pasy kihon \/, 2013-2014 \/bia\u0142e pasy kihon \/. Reszta zawodnik\u00f3w kata dostosowane do stopnia i kumite od 2010r.<\/div>\n<div dir=\"auto\"><span class=\"pq6dq46d tbxw36s4 knj5qynh kvgmc6g5 ditlmg2l oygrvhab nvdbi5me sf5mxxl7 gl3lb2sf hhz5lgdu\"><img decoding=\"async\" loading=\"lazy\" src=\"https:\/\/static.xx.fbcdn.net\/images\/emoji.php\/v9\/t51\/1\/16\/1f449.png\" alt=\"?\" width=\"16\" height=\"16\" \/><\/span>ZAPISY do 22 maja 2022 &#8211; SMS pod nr 608661245 w tresci imie i nazwisko Puchar Syrenki.<\/div>\n<div dir=\"auto\"><span class=\"pq6dq46d tbxw36s4 knj5qynh kvgmc6g5 ditlmg2l oygrvhab nvdbi5me sf5mxxl7 gl3lb2sf hhz5lgdu\"><img decoding=\"async\" loading=\"lazy\" src=\"https:\/\/static.xx.fbcdn.net\/images\/emoji.php\/v9\/t51\/1\/16\/1f449.png\" alt=\"?\" width=\"16\" height=\"16\" \/><\/span>Startowe wp\u0142acamy u instruktora &#8211; 60 z\u0142.<\/div>\n<div dir=\"auto\">W razie pyta\u0144 prosz\u0119 o kontakt 608-661-245<img decoding=\"async\" loading=\"lazy\" class=\"aligncenter size-full wp-image-2126\" src=\"http:\/\/www.karate-sochaczew.pl\/wp-content\/uploads\/2022\/05\/syrenka.jpg\" alt=\"syrenka\" width=\"526\" height=\"275\" srcset=\"http:\/\/www.karate-sochaczew.pl\/wp-content\/uploads\/2022\/05\/syrenka.jpg 526w, http:\/\/www.karate-sochaczew.pl\/wp-content\/uploads\/2022\/05\/syrenka-300x157.jpg 300w\" sizes=\"(max-width: 526px) 100vw, 526px\" \/><\/div>\n","protected":false},"excerpt":{"rendered":"<p>Zapraszamy do udzia\u0142u w zawodach II Turniej o Puchar Warszawskiej Syrenki w Karate Tradycyjnym Zawody odb\u0119d\u0105 si\u0119 29 maja 2022r. w Warszawie \/ Hala Sportowa Szko\u0142y Podstawowej nr 340, ul. Lokajskiego 3. \/. Startowa\u0107 mog\u0105 r\u00f3wnie\u017c najm\u0142odsi &#8211; 2015 i m\u0142odsi \/biale pasy kihon \/, 2013-2014 \/bia\u0142e pasy kihon \/. Reszta zawodnik\u00f3w kata dostosowane do stopnia i kumite od 2010r.<\/p>\n","protected":false},"author":1,"featured_media":0,"comment_status":"closed","ping_status":"closed","sticky":false,"template":"","format":"standard","meta":[],"categories":[1],"tags":[],"_links":{"self":[{"href":"http:\/\/www.karate-sochaczew.pl\/index.php\/wp-json\/wp\/v2\/posts\/2125"}],"collection":[{"href":"http:\/\/www.karate-sochaczew.pl\/index.php\/wp-json\/wp\/v2\/posts"}],"about":[{"href":"http:\/\/www.karate-sochaczew.pl\/index.php\/wp-json\/wp\/v2\/types\/post"}],"author":[{"embeddable":true,"href":"http:\/\/www.karate-sochaczew.pl\/index.php\/wp-json\/wp\/v2\/users\/1"}],"replies":[{"embeddable":true,"href":"http:\/\/www.karate-sochaczew.pl\/index.php\/wp-json\/wp\/v2\/comments?post=2125"}],"version-history":[{"count":1,"href":"http:\/\/www.karate-sochaczew.pl\/index.php\/wp-json\/wp\/v2\/posts\/2125\/revisions"}],"predecessor-version":[{"id":2127,"href":"http:\/\/www.karate-sochaczew.pl\/index.php\/wp-json\/wp\/v2\/posts\/2125\/revisions\/2127"}],"wp:attachment":[{"href":"http:\/\/www.karate-sochaczew.pl\/index.php\/wp-json\/wp\/v2\/media?parent=2125"}],"wp:term":[{"taxonomy":"category","embeddable":true,"href":"http:\/\/www.karate-sochaczew.pl\/index.php\/wp-json\/wp\/v2\/categories?post=2125"},{"taxonomy":"post_tag","embeddable":true,"href":"http:\/\/www.karate-sochaczew.pl\/index.php\/wp-json\/wp\/v2\/tags?post=2125"}],"curies":[{"name":"wp","href":"https:\/\/api.w.org\/{rel}","templated":true}]}}