{"id":2131,"date":"2022-05-21T11:37:08","date_gmt":"2022-05-21T09:37:08","guid":{"rendered":"http:\/\/www.karate-sochaczew.pl\/?p=2131"},"modified":"2022-05-21T11:37:08","modified_gmt":"2022-05-21T09:37:08","slug":"aktualizacja-harmonogramu-zajec-w-dniach-23-v-2022-25-v-2022","status":"publish","type":"post","link":"http:\/\/www.karate-sochaczew.pl\/index.php\/2022\/05\/21\/aktualizacja-harmonogramu-zajec-w-dniach-23-v-2022-25-v-2022\/","title":{"rendered":"Aktualizacja harmonogramu zaj\u0119\u0107 w dniach 23 V 2022 &#8211; 25 V 2022"},"content":{"rendered":"<div dir=\"auto\"><span class=\"pq6dq46d tbxw36s4 knj5qynh kvgmc6g5 ditlmg2l oygrvhab nvdbi5me sf5mxxl7 gl3lb2sf hhz5lgdu\"><img decoding=\"async\" loading=\"lazy\" src=\"https:\/\/static.xx.fbcdn.net\/images\/emoji.php\/v9\/tba\/1\/16\/1f4e3.png\" alt=\"?\" width=\"16\" height=\"16\" \/><\/span><span class=\"pq6dq46d tbxw36s4 knj5qynh kvgmc6g5 ditlmg2l oygrvhab nvdbi5me sf5mxxl7 gl3lb2sf hhz5lgdu\"><img decoding=\"async\" loading=\"lazy\" src=\"https:\/\/static.xx.fbcdn.net\/images\/emoji.php\/v9\/t39\/1\/16\/1f4e2.png\" alt=\"?\" width=\"16\" height=\"16\" \/><\/span>UWAGA<span class=\"pq6dq46d tbxw36s4 knj5qynh kvgmc6g5 ditlmg2l oygrvhab nvdbi5me sf5mxxl7 gl3lb2sf hhz5lgdu\"><img decoding=\"async\" loading=\"lazy\" src=\"https:\/\/static.xx.fbcdn.net\/images\/emoji.php\/v9\/tba\/1\/16\/1f4e3.png\" alt=\"?\" width=\"16\" height=\"16\" \/><\/span><span class=\"pq6dq46d tbxw36s4 knj5qynh kvgmc6g5 ditlmg2l oygrvhab nvdbi5me sf5mxxl7 gl3lb2sf hhz5lgdu\"><img decoding=\"async\" loading=\"lazy\" src=\"https:\/\/static.xx.fbcdn.net\/images\/emoji.php\/v9\/t39\/1\/16\/1f4e2.png\" alt=\"?\" width=\"16\" height=\"16\" \/>\u00a0&#8211;\u00a0<\/span>w zwi\u0105zku z odbywaj\u0105cymi si\u0119 w przysz\u0142ym tygodniu EGZAMINAMI \u00f3smoklasist\u00f3w, w cz\u0119\u015bci szk\u00f3\u0142 \/od poniedzia\u0142ku do \u015brody \/nie mamy mo\u017cliwo\u015bci poprowadzenia zaj\u0119\u0107.<\/div>\n<div dir=\"auto\"><span class=\"pq6dq46d tbxw36s4 knj5qynh kvgmc6g5 ditlmg2l oygrvhab nvdbi5me sf5mxxl7 gl3lb2sf hhz5lgdu\"><img decoding=\"async\" loading=\"lazy\" src=\"https:\/\/static.xx.fbcdn.net\/images\/emoji.php\/v9\/t51\/1\/16\/1f449.png\" alt=\"?\" width=\"16\" height=\"16\" \/><\/span>Je\u017celi macie mo\u017cliwo\u015b\u0107, korzystajcie z innych grup treningowych, lub z tych, kt\u00f3re specjalnie utworzyli\u015bmy na czas zamieszania z egzamsami.<\/div>\n<div dir=\"auto\"><span class=\"pq6dq46d tbxw36s4 knj5qynh kvgmc6g5 ditlmg2l oygrvhab nvdbi5me sf5mxxl7 gl3lb2sf hhz5lgdu\"><img decoding=\"async\" loading=\"lazy\" src=\"https:\/\/static.xx.fbcdn.net\/images\/emoji.php\/v9\/t51\/1\/16\/1f449.png\" alt=\"?\" width=\"16\" height=\"16\" \/><\/span>W razie pyta\u0144 prosz\u0119 o kontakt &#8211; 608 661 245<\/div>\n<div dir=\"auto\">&#8230;\u017byczymy powodzenia wszystkim \u00f3smakom kt\u00f3rzy pisz\u0105 egzaminy, szczeg\u00f3lnie tym, kt\u00f3rzy trenuj\u0105 w naszym klubie<span class=\"pq6dq46d tbxw36s4 knj5qynh kvgmc6g5 ditlmg2l oygrvhab nvdbi5me sf5mxxl7 gl3lb2sf hhz5lgdu\"><img decoding=\"async\" loading=\"lazy\" src=\"https:\/\/static.xx.fbcdn.net\/images\/emoji.php\/v9\/tfc\/1\/16\/1f44d.png\" alt=\"?\" width=\"16\" height=\"16\" \/><\/span><span class=\"pq6dq46d tbxw36s4 knj5qynh kvgmc6g5 ditlmg2l oygrvhab nvdbi5me sf5mxxl7 gl3lb2sf hhz5lgdu\"><img decoding=\"async\" loading=\"lazy\" src=\"https:\/\/static.xx.fbcdn.net\/images\/emoji.php\/v9\/t51\/1\/16\/1f603.png\" alt=\"?\" width=\"16\" height=\"16\" \/>\u00a0<\/span><\/div>\n<div dir=\"auto\"><img decoding=\"async\" loading=\"lazy\" class=\"aligncenter size-full wp-image-2132\" src=\"http:\/\/www.karate-sochaczew.pl\/wp-content\/uploads\/2022\/05\/We-Are-Open-Store-Notice-Instagram-Post.png\" alt=\"We Are Open Store Notice Instagram Post\" width=\"1080\" height=\"1080\" srcset=\"http:\/\/www.karate-sochaczew.pl\/wp-content\/uploads\/2022\/05\/We-Are-Open-Store-Notice-Instagram-Post.png 1080w, http:\/\/www.karate-sochaczew.pl\/wp-content\/uploads\/2022\/05\/We-Are-Open-Store-Notice-Instagram-Post-150x150.png 150w, http:\/\/www.karate-sochaczew.pl\/wp-content\/uploads\/2022\/05\/We-Are-Open-Store-Notice-Instagram-Post-300x300.png 300w, http:\/\/www.karate-sochaczew.pl\/wp-content\/uploads\/2022\/05\/We-Are-Open-Store-Notice-Instagram-Post-768x768.png 768w, http:\/\/www.karate-sochaczew.pl\/wp-content\/uploads\/2022\/05\/We-Are-Open-Store-Notice-Instagram-Post-1024x1024.png 1024w\" sizes=\"(max-width: 1080px) 100vw, 1080px\" \/><\/div>\n","protected":false},"excerpt":{"rendered":"<p>UWAGA\u00a0&#8211;\u00a0w zwi\u0105zku z odbywaj\u0105cymi si\u0119 w przysz\u0142ym tygodniu EGZAMINAMI \u00f3smoklasist\u00f3w, w cz\u0119\u015bci szk\u00f3\u0142 \/od poniedzia\u0142ku do \u015brody \/nie mamy mo\u017cliwo\u015bci poprowadzenia zaj\u0119\u0107. Je\u017celi macie mo\u017cliwo\u015b\u0107, korzystajcie z innych grup treningowych, lub z tych, kt\u00f3re specjalnie utworzyli\u015bmy na czas zamieszania z egzamsami. W razie pyta\u0144 prosz\u0119 o kontakt &#8211; 608 661 245 &#8230;\u017byczymy powodzenia wszystkim \u00f3smakom kt\u00f3rzy pisz\u0105 egzaminy, szczeg\u00f3lnie tym,<\/p>\n","protected":false},"author":1,"featured_media":0,"comment_status":"closed","ping_status":"closed","sticky":false,"template":"","format":"standard","meta":[],"categories":[1],"tags":[],"_links":{"self":[{"href":"http:\/\/www.karate-sochaczew.pl\/index.php\/wp-json\/wp\/v2\/posts\/2131"}],"collection":[{"href":"http:\/\/www.karate-sochaczew.pl\/index.php\/wp-json\/wp\/v2\/posts"}],"about":[{"href":"http:\/\/www.karate-sochaczew.pl\/index.php\/wp-json\/wp\/v2\/types\/post"}],"author":[{"embeddable":true,"href":"http:\/\/www.karate-sochaczew.pl\/index.php\/wp-json\/wp\/v2\/users\/1"}],"replies":[{"embeddable":true,"href":"http:\/\/www.karate-sochaczew.pl\/index.php\/wp-json\/wp\/v2\/comments?post=2131"}],"version-history":[{"count":1,"href":"http:\/\/www.karate-sochaczew.pl\/index.php\/wp-json\/wp\/v2\/posts\/2131\/revisions"}],"predecessor-version":[{"id":2133,"href":"http:\/\/www.karate-sochaczew.pl\/index.php\/wp-json\/wp\/v2\/posts\/2131\/revisions\/2133"}],"wp:attachment":[{"href":"http:\/\/www.karate-sochaczew.pl\/index.php\/wp-json\/wp\/v2\/media?parent=2131"}],"wp:term":[{"taxonomy":"category","embeddable":true,"href":"http:\/\/www.karate-sochaczew.pl\/index.php\/wp-json\/wp\/v2\/categories?post=2131"},{"taxonomy":"post_tag","embeddable":true,"href":"http:\/\/www.karate-sochaczew.pl\/index.php\/wp-json\/wp\/v2\/tags?post=2131"}],"curies":[{"name":"wp","href":"https:\/\/api.w.org\/{rel}","templated":true}]}}