{"id":2147,"date":"2022-05-29T07:33:58","date_gmt":"2022-05-29T05:33:58","guid":{"rendered":"http:\/\/www.karate-sochaczew.pl\/?p=2147"},"modified":"2022-05-29T07:34:41","modified_gmt":"2022-05-29T05:34:41","slug":"uwaga-zamowienia-zbieramy-do-30-maja-bluzy-klubowe-t-shirty-torby-sportowe","status":"publish","type":"post","link":"http:\/\/www.karate-sochaczew.pl\/index.php\/2022\/05\/29\/uwaga-zamowienia-zbieramy-do-30-maja-bluzy-klubowe-t-shirty-torby-sportowe\/","title":{"rendered":"UWAGA-Zam\u00f3wienia zbieramy do 30 MAJA &#8211; Bluzy klubowe &#8211; T-shirty &#8211; Torby sportowe"},"content":{"rendered":"<p>Drodzy KLUBOWICZE &#8211; zam\u00f3wienia na odzie\u017c klubow\u0105 zbieramy o jeden dzie\u0144 d\u0142u\u017cej do 30 MAJA 2022. Je\u017celi jeszcze tego nie zrobili\u015bcie a macie ochot\u0119 na bluz\u0119, koszulk\u0119 lub torb\u0119 z logo klubu &#8211; zapraszamy do z\u0142o\u017cenia zam\u00f3wienia. Nast\u0119pna akcja zwi\u0105zana z zamawianiem klubowych gad\u017cet\u00f3w w listopadzie.<\/p>\n<p><img decoding=\"async\" loading=\"lazy\" class=\"aligncenter size-full wp-image-2136\" src=\"http:\/\/www.karate-sochaczew.pl\/wp-content\/uploads\/2022\/05\/bluza-dresowa.png\" alt=\"bluza dresowa\" width=\"940\" height=\"788\" srcset=\"http:\/\/www.karate-sochaczew.pl\/wp-content\/uploads\/2022\/05\/bluza-dresowa.png 940w, http:\/\/www.karate-sochaczew.pl\/wp-content\/uploads\/2022\/05\/bluza-dresowa-300x251.png 300w, http:\/\/www.karate-sochaczew.pl\/wp-content\/uploads\/2022\/05\/bluza-dresowa-768x644.png 768w\" sizes=\"(max-width: 940px) 100vw, 940px\" \/><\/p>\n<p><img decoding=\"async\" loading=\"lazy\" class=\"aligncenter size-full wp-image-2137\" src=\"http:\/\/www.karate-sochaczew.pl\/wp-content\/uploads\/2022\/05\/koszulki.png\" alt=\"koszulki\" width=\"940\" height=\"788\" srcset=\"http:\/\/www.karate-sochaczew.pl\/wp-content\/uploads\/2022\/05\/koszulki.png 940w, http:\/\/www.karate-sochaczew.pl\/wp-content\/uploads\/2022\/05\/koszulki-300x251.png 300w, http:\/\/www.karate-sochaczew.pl\/wp-content\/uploads\/2022\/05\/koszulki-768x644.png 768w\" sizes=\"(max-width: 940px) 100vw, 940px\" \/><\/p>\n<p><img decoding=\"async\" loading=\"lazy\" class=\"aligncenter size-full wp-image-2138\" src=\"http:\/\/www.karate-sochaczew.pl\/wp-content\/uploads\/2022\/05\/torby.png\" alt=\"torby\" width=\"940\" height=\"788\" srcset=\"http:\/\/www.karate-sochaczew.pl\/wp-content\/uploads\/2022\/05\/torby.png 940w, http:\/\/www.karate-sochaczew.pl\/wp-content\/uploads\/2022\/05\/torby-300x251.png 300w, http:\/\/www.karate-sochaczew.pl\/wp-content\/uploads\/2022\/05\/torby-768x644.png 768w\" sizes=\"(max-width: 940px) 100vw, 940px\" \/><\/p>\n<p><img decoding=\"async\" loading=\"lazy\" class=\"aligncenter size-full wp-image-2135\" src=\"http:\/\/www.karate-sochaczew.pl\/wp-content\/uploads\/2022\/05\/bluza-bawelna.png\" alt=\"bluza bawelna\" width=\"940\" height=\"788\" srcset=\"http:\/\/www.karate-sochaczew.pl\/wp-content\/uploads\/2022\/05\/bluza-bawelna.png 940w, http:\/\/www.karate-sochaczew.pl\/wp-content\/uploads\/2022\/05\/bluza-bawelna-300x251.png 300w, http:\/\/www.karate-sochaczew.pl\/wp-content\/uploads\/2022\/05\/bluza-bawelna-768x644.png 768w\" sizes=\"(max-width: 940px) 100vw, 940px\" \/><\/p>\n","protected":false},"excerpt":{"rendered":"<p>Drodzy KLUBOWICZE &#8211; zam\u00f3wienia na odzie\u017c klubow\u0105 zbieramy o jeden dzie\u0144 d\u0142u\u017cej do 30 MAJA 2022. Je\u017celi jeszcze tego nie zrobili\u015bcie a macie ochot\u0119 na bluz\u0119, koszulk\u0119 lub torb\u0119 z logo klubu &#8211; zapraszamy do z\u0142o\u017cenia zam\u00f3wienia. Nast\u0119pna akcja zwi\u0105zana z zamawianiem klubowych gad\u017cet\u00f3w w listopadzie.<\/p>\n","protected":false},"author":1,"featured_media":0,"comment_status":"closed","ping_status":"closed","sticky":false,"template":"","format":"standard","meta":[],"categories":[1],"tags":[],"_links":{"self":[{"href":"http:\/\/www.karate-sochaczew.pl\/index.php\/wp-json\/wp\/v2\/posts\/2147"}],"collection":[{"href":"http:\/\/www.karate-sochaczew.pl\/index.php\/wp-json\/wp\/v2\/posts"}],"about":[{"href":"http:\/\/www.karate-sochaczew.pl\/index.php\/wp-json\/wp\/v2\/types\/post"}],"author":[{"embeddable":true,"href":"http:\/\/www.karate-sochaczew.pl\/index.php\/wp-json\/wp\/v2\/users\/1"}],"replies":[{"embeddable":true,"href":"http:\/\/www.karate-sochaczew.pl\/index.php\/wp-json\/wp\/v2\/comments?post=2147"}],"version-history":[{"count":2,"href":"http:\/\/www.karate-sochaczew.pl\/index.php\/wp-json\/wp\/v2\/posts\/2147\/revisions"}],"predecessor-version":[{"id":2149,"href":"http:\/\/www.karate-sochaczew.pl\/index.php\/wp-json\/wp\/v2\/posts\/2147\/revisions\/2149"}],"wp:attachment":[{"href":"http:\/\/www.karate-sochaczew.pl\/index.php\/wp-json\/wp\/v2\/media?parent=2147"}],"wp:term":[{"taxonomy":"category","embeddable":true,"href":"http:\/\/www.karate-sochaczew.pl\/index.php\/wp-json\/wp\/v2\/categories?post=2147"},{"taxonomy":"post_tag","embeddable":true,"href":"http:\/\/www.karate-sochaczew.pl\/index.php\/wp-json\/wp\/v2\/tags?post=2147"}],"curies":[{"name":"wp","href":"https:\/\/api.w.org\/{rel}","templated":true}]}}