{"id":2151,"date":"2022-05-30T07:27:31","date_gmt":"2022-05-30T05:27:31","guid":{"rendered":"http:\/\/www.karate-sochaczew.pl\/?p=2151"},"modified":"2022-06-11T00:17:05","modified_gmt":"2022-06-10T22:17:05","slug":"egzaminy-12-czerwca-2022-s-p-nr-6-sochaczew-ul-staszica-106","status":"publish","type":"post","link":"http:\/\/www.karate-sochaczew.pl\/index.php\/2022\/05\/30\/egzaminy-12-czerwca-2022-s-p-nr-6-sochaczew-ul-staszica-106\/","title":{"rendered":"EGZAMINY   12 czerwca 2022    S.P. nr 6 Sochaczew ul. Staszica 106"},"content":{"rendered":"<p><img decoding=\"async\" loading=\"lazy\" class=\"wp-image-1510 aligncenter\" src=\"http:\/\/www.karate-sochaczew.pl\/wp-content\/uploads\/2021\/01\/IMG_9894-1030x655.jpg\" alt=\"IMG_9894-1030x655\" width=\"360\" height=\"194\" srcset=\"http:\/\/www.karate-sochaczew.pl\/wp-content\/uploads\/2021\/01\/IMG_9894-1030x655.jpg 1030w, http:\/\/www.karate-sochaczew.pl\/wp-content\/uploads\/2021\/01\/IMG_9894-1030x655-300x162.jpg 300w, http:\/\/www.karate-sochaczew.pl\/wp-content\/uploads\/2021\/01\/IMG_9894-1030x655-768x414.jpg 768w, http:\/\/www.karate-sochaczew.pl\/wp-content\/uploads\/2021\/01\/IMG_9894-1030x655-1024x552.jpg 1024w\" sizes=\"(max-width: 360px) 100vw, 360px\" \/><\/p>\n<p>Termin 12 czerwca 2022<\/p>\n<p>Miejsce S.P. nr 6 Sochaczew ul. Staszica 106<\/p>\n<p>Na egzamin prosimy przyjecha\u0107 10 minut wcze\u015bniej.<\/p>\n<p><strong>\u00a0<\/strong><\/p>\n<p><strong>Godz. 9.30 <\/strong>Egzamin na \u017b\u00f3\u0142ty Pas \/ 8 kyu \/<\/p>\n<ol>\n<li>Dudzi\u0144ska Aleksandra<\/li>\n<li>\u015awi\u0105tkowski Robert<\/li>\n<li>Dobrowolska Zofia<\/li>\n<li>Kubiak Bartek<\/li>\n<li>Soba\u0144ski Leonid<\/li>\n<li>Trzeciak Kalina<\/li>\n<li>B\u0142a\u017cejewski Antonii<\/li>\n<li>Kowalik Jakub<\/li>\n<li>Romanowski Antoni \/8-9\/<\/li>\n<li>Romanowski Stanis\u0142aw<\/li>\n<\/ol>\n<hr \/>\n<p><strong>Godz. 10.00\u00a0<\/strong>Egzamin na \u017b\u00f3\u0142ty Pas \/ 8 kyu \/<\/p>\n<ol>\n<li>Tuz Bart\u0142omiej<\/li>\n<li>Doma\u0144\u015bki Adrian<\/li>\n<li>Jab\u0142o\u0144ska Kornelia<\/li>\n<li>Pop\u0142awska Patrycja<\/li>\n<li>Kryczka Oliwia<\/li>\n<li>Kryczka Marta<\/li>\n<li>Kryczka Karolina<\/li>\n<li>Lipi\u0144ska Wiktoria \/9 &#8211; 8 kyu \/<\/li>\n<li>Weichert Teofil<\/li>\n<li>D\u0105browska Agata<\/li>\n<li>Kasica Natalia<\/li>\n<\/ol>\n<hr \/>\n<p><strong>Godz. 10.30\u00a0<\/strong>Egzamin na Bia\u0142y Pas \/ 9 kyu \/<\/p>\n<ol>\n<li>D\u0105browski Wojciech<\/li>\n<li>Lipi\u0144ska Zofia<\/li>\n<li>\u0106wikli\u0144ska Zuzanna<\/li>\n<li>Frelek Izabela<\/li>\n<li>Trzci\u0144sk Zoja<\/li>\n<li>Szyma\u0144ska Zofia<\/li>\n<li>Antosiewicz Antoni<\/li>\n<\/ol>\n<hr \/>\n<p><strong>Godz. 10.50\u00a0<\/strong>Egzamin na Zielony Pas \/ 6 kyu \/<\/p>\n<ol>\n<li>Wernicki Piotr<\/li>\n<li>Dudzi\u0144ski Seweryn<\/li>\n<li>Mi\u0142kowska Paulina<\/li>\n<li>O\u0142tarzewski Remigiusz<\/li>\n<li>Durlej Rados\u0142aw<\/li>\n<li>Martynyshyn Rostyslav<\/li>\n<li>Kowalski Robert<\/li>\n<li>Lewicz Filip<\/li>\n<li>D\u0105browska Oliwia<\/li>\n<\/ol>\n<hr \/>\n<p><strong>Godz. 11.30\u00a0<\/strong>Egzamin na Niebieski Pas \/ 5 kyu &#8211; 4 kyu \/<\/p>\n<ol>\n<li>O\u0142tarzewski Franciszek<\/li>\n<li>Jaskulska Amelia<\/li>\n<li>Zi\u0119mba Zofia<\/li>\n<li>W\u0142odarczyk Adam \/bw\/<\/li>\n<li>Chojnacka Emilia \/bw\/<\/li>\n<li>Twardowski Filip<\/li>\n<li>Wi\u015bniewski Jacek<\/li>\n<li>Buciarski Kajetan<\/li>\n<\/ol>\n<hr \/>\n<p><strong>Godz. 12.10\u00a0<\/strong>Egzamin na Pomara\u0144czowy Pas \/ 7 kyu \/<\/p>\n<ol>\n<li>Biernat Jakub<\/li>\n<li>Majkowska Adrianna<\/li>\n<li>Malinowska Iga<\/li>\n<li>Mi\u0142kowska Joanna<\/li>\n<li>Wojcieski Ceazry<\/li>\n<li>Sm\u00f3\u0142ka Wojciech<\/li>\n<li>Pe\u0142ka Wiktor<\/li>\n<li>Radzikowska Urszula<\/li>\n<li>Czerwi\u0144ski Cezary<\/li>\n<li>Kowalski Ceazry<\/li>\n<li>Szyma\u0144ska Zofia<\/li>\n<li>Jakubowska Irena<\/li>\n<\/ol>\n<hr \/>\n<p><strong>Godz. 12.40\u00a0<\/strong>Egzamin na \u017b\u00f3\u0142ty Pas \/ 8 kyu \/<\/p>\n<ol>\n<li>Samsel Jan<\/li>\n<li>Samsel Miko\u0142aj<\/li>\n<li>Bogusz Damian<\/li>\n<li>D\u0105brza\u0142 Wojciech<\/li>\n<li>Nasi\u0142owska Alicja<\/li>\n<li>Ploch Jakub<\/li>\n<li>Marcinkowski Leon<\/li>\n<li>Barchanowicz Olivier<\/li>\n<li>Jaworski Bartek \/8-9\/<\/li>\n<li>Ko\u0142osowski Alan<\/li>\n<li>Pietrzak Aurelia<\/li>\n<li>Sobczyk Maria<\/li>\n<\/ol>\n<hr \/>\n<p><strong>Godz. 13.10\u00a0<\/strong>Egzamin na \u017b\u00f3\u0142ty Pas \/ 8 kyu \/<\/p>\n<ol>\n<li>Lewicz Kalina \/bw\/<\/li>\n<li>Orzechowska Kornelia<\/li>\n<li>Jagura Maria<\/li>\n<li>Do\u0142\u0119gowski Dawid<\/li>\n<li>Pami\u0119ta Szymon<\/li>\n<li>Krajanowski Stanis\u0142aw<\/li>\n<li>Krawczyk Marta<\/li>\n<li>Ryng Karol<\/li>\n<li>Boczkowski Oskar<\/li>\n<li>Go\u0142\u0119biowski Nataniel<\/li>\n<li>Zwali\u0144ska Vaness \/bk bw\/<\/li>\n<\/ol>\n<p>&nbsp;<\/p>\n<p>Zapisy do 8 czerwca<\/p>\n<p><a href=\"http:\/\/www.karate-sochaczew.pl\/wp-content\/uploads\/2022\/05\/karta-egzaminacyjna-info.pdf\">karta egzaminacyjna info<\/a><\/p>\n","protected":false},"excerpt":{"rendered":"<p>Termin 12 czerwca 2022 Miejsce S.P. nr 6 Sochaczew ul. Staszica 106 Na egzamin prosimy przyjecha\u0107 10 minut wcze\u015bniej. \u00a0 Godz. 9.30 Egzamin na \u017b\u00f3\u0142ty Pas \/ 8 kyu \/ Dudzi\u0144ska Aleksandra \u015awi\u0105tkowski Robert Dobrowolska Zofia Kubiak Bartek Soba\u0144ski Leonid Trzeciak Kalina B\u0142a\u017cejewski Antonii Kowalik Jakub Romanowski Antoni \/8-9\/ Romanowski Stanis\u0142aw Godz. 10.00\u00a0Egzamin na \u017b\u00f3\u0142ty Pas \/ 8 kyu \/<\/p>\n","protected":false},"author":1,"featured_media":0,"comment_status":"closed","ping_status":"closed","sticky":false,"template":"","format":"standard","meta":[],"categories":[1],"tags":[],"_links":{"self":[{"href":"http:\/\/www.karate-sochaczew.pl\/index.php\/wp-json\/wp\/v2\/posts\/2151"}],"collection":[{"href":"http:\/\/www.karate-sochaczew.pl\/index.php\/wp-json\/wp\/v2\/posts"}],"about":[{"href":"http:\/\/www.karate-sochaczew.pl\/index.php\/wp-json\/wp\/v2\/types\/post"}],"author":[{"embeddable":true,"href":"http:\/\/www.karate-sochaczew.pl\/index.php\/wp-json\/wp\/v2\/users\/1"}],"replies":[{"embeddable":true,"href":"http:\/\/www.karate-sochaczew.pl\/index.php\/wp-json\/wp\/v2\/comments?post=2151"}],"version-history":[{"count":14,"href":"http:\/\/www.karate-sochaczew.pl\/index.php\/wp-json\/wp\/v2\/posts\/2151\/revisions"}],"predecessor-version":[{"id":2450,"href":"http:\/\/www.karate-sochaczew.pl\/index.php\/wp-json\/wp\/v2\/posts\/2151\/revisions\/2450"}],"wp:attachment":[{"href":"http:\/\/www.karate-sochaczew.pl\/index.php\/wp-json\/wp\/v2\/media?parent=2151"}],"wp:term":[{"taxonomy":"category","embeddable":true,"href":"http:\/\/www.karate-sochaczew.pl\/index.php\/wp-json\/wp\/v2\/categories?post=2151"},{"taxonomy":"post_tag","embeddable":true,"href":"http:\/\/www.karate-sochaczew.pl\/index.php\/wp-json\/wp\/v2\/tags?post=2151"}],"curies":[{"name":"wp","href":"https:\/\/api.w.org\/{rel}","templated":true}]}}