{"id":2177,"date":"2022-06-14T13:59:24","date_gmt":"2022-06-14T11:59:24","guid":{"rendered":"http:\/\/www.karate-sochaczew.pl\/?p=2177"},"modified":"2022-06-21T22:53:07","modified_gmt":"2022-06-21T20:53:07","slug":"wyjazd-puchar-polski-lodz-18-06-2022","status":"publish","type":"post","link":"http:\/\/www.karate-sochaczew.pl\/index.php\/2022\/06\/14\/wyjazd-puchar-polski-lodz-18-06-2022\/","title":{"rendered":"Dokumenty Ob\u00f3z Letni \/\/ Dokumenty P\u00f3\u0142kolonie"},"content":{"rendered":"<p>Szanowni Pa\u0144stwo prosimy o wydrukowanie karty kwalifikacyjnej &#8211; wype\u0142nienie oraz wys\u0142anie mailem na biuro@karate-sochaczew.pl lub oddanie u instruktora.<\/p>\n<p>&nbsp;<\/p>\n<p>Wype\u0142nienie karty jest obowi\u0105zkowe.<\/p>\n<p><a href=\"http:\/\/www.karate-sochaczew.pl\/wp-content\/uploads\/2022\/06\/Karta-kwalifikacyjna-P\u00f3\u0142kolonie-z-KARATE-2022.doc\">Karta kwalifikacyjna P\u00f3\u0142kolonie z KARATE 2022<\/a><\/p>\n<p>&nbsp;<\/p>\n<p><a href=\"http:\/\/www.karate-sochaczew.pl\/wp-content\/uploads\/2022\/06\/Karta-kwalifikacyjna-Ob\u00f3z-Letni-Jaros\u0142awiec-2022.doc\">Karta kwalifikacyjna Ob\u00f3z Letni Jaros\u0142awiec 2022<\/a><\/p>\n<p>&nbsp;<\/p>\n<p>Uwaga-karty s\u0105 dwustronne<\/p>\n<p>&nbsp;<\/p>\n<p><strong>PRZYPOMINAMY &#8211; Osoby, kt\u00f3re nie wp\u0142aci\u0142y III raty za Ob\u00f3z i\u00a0 P\u00f3\u0142kolonie &#8211; prosimy o uregulowanie wp\u0142at.<\/strong><\/p>\n<p><img decoding=\"async\" loading=\"lazy\" class=\"aligncenter size-full wp-image-897\" src=\"http:\/\/www.karate-sochaczew.pl\/wp-content\/uploads\/2018\/07\/36293159_1667023536679147_539541995111055360_n.jpg\" alt=\"36293159_1667023536679147_539541995111055360_n\" width=\"960\" height=\"640\" srcset=\"http:\/\/www.karate-sochaczew.pl\/wp-content\/uploads\/2018\/07\/36293159_1667023536679147_539541995111055360_n.jpg 960w, http:\/\/www.karate-sochaczew.pl\/wp-content\/uploads\/2018\/07\/36293159_1667023536679147_539541995111055360_n-300x200.jpg 300w, http:\/\/www.karate-sochaczew.pl\/wp-content\/uploads\/2018\/07\/36293159_1667023536679147_539541995111055360_n-768x512.jpg 768w\" sizes=\"(max-width: 960px) 100vw, 960px\" \/><\/p>\n","protected":false},"excerpt":{"rendered":"<p>Szanowni Pa\u0144stwo prosimy o wydrukowanie karty kwalifikacyjnej &#8211; wype\u0142nienie oraz wys\u0142anie mailem na biuro@karate-sochaczew.pl lub oddanie u instruktora. &nbsp; Wype\u0142nienie karty jest obowi\u0105zkowe. Karta kwalifikacyjna P\u00f3\u0142kolonie z KARATE 2022 &nbsp; Karta kwalifikacyjna Ob\u00f3z Letni Jaros\u0142awiec 2022 &nbsp; Uwaga-karty s\u0105 dwustronne &nbsp; PRZYPOMINAMY &#8211; Osoby, kt\u00f3re nie wp\u0142aci\u0142y III raty za Ob\u00f3z i\u00a0 P\u00f3\u0142kolonie &#8211; prosimy o uregulowanie wp\u0142at.<\/p>\n","protected":false},"author":1,"featured_media":0,"comment_status":"closed","ping_status":"closed","sticky":false,"template":"","format":"standard","meta":[],"categories":[1,18],"tags":[],"_links":{"self":[{"href":"http:\/\/www.karate-sochaczew.pl\/index.php\/wp-json\/wp\/v2\/posts\/2177"}],"collection":[{"href":"http:\/\/www.karate-sochaczew.pl\/index.php\/wp-json\/wp\/v2\/posts"}],"about":[{"href":"http:\/\/www.karate-sochaczew.pl\/index.php\/wp-json\/wp\/v2\/types\/post"}],"author":[{"embeddable":true,"href":"http:\/\/www.karate-sochaczew.pl\/index.php\/wp-json\/wp\/v2\/users\/1"}],"replies":[{"embeddable":true,"href":"http:\/\/www.karate-sochaczew.pl\/index.php\/wp-json\/wp\/v2\/comments?post=2177"}],"version-history":[{"count":6,"href":"http:\/\/www.karate-sochaczew.pl\/index.php\/wp-json\/wp\/v2\/posts\/2177\/revisions"}],"predecessor-version":[{"id":2201,"href":"http:\/\/www.karate-sochaczew.pl\/index.php\/wp-json\/wp\/v2\/posts\/2177\/revisions\/2201"}],"wp:attachment":[{"href":"http:\/\/www.karate-sochaczew.pl\/index.php\/wp-json\/wp\/v2\/media?parent=2177"}],"wp:term":[{"taxonomy":"category","embeddable":true,"href":"http:\/\/www.karate-sochaczew.pl\/index.php\/wp-json\/wp\/v2\/categories?post=2177"},{"taxonomy":"post_tag","embeddable":true,"href":"http:\/\/www.karate-sochaczew.pl\/index.php\/wp-json\/wp\/v2\/tags?post=2177"}],"curies":[{"name":"wp","href":"https:\/\/api.w.org\/{rel}","templated":true}]}}