{"id":2182,"date":"2022-06-15T07:10:58","date_gmt":"2022-06-15T05:10:58","guid":{"rendered":"http:\/\/www.karate-sochaczew.pl\/?p=2182"},"modified":"2022-06-15T07:10:58","modified_gmt":"2022-06-15T05:10:58","slug":"uzupelnienie-egzaminy-brak-zarejestrowanej-licncji-pzkt","status":"publish","type":"post","link":"http:\/\/www.karate-sochaczew.pl\/index.php\/2022\/06\/15\/uzupelnienie-egzaminy-brak-zarejestrowanej-licncji-pzkt\/","title":{"rendered":"Uzupe\u0142nienie EGZAMINY &#8211; BRAK zarejestrowanej LICNCJI PZKT"},"content":{"rendered":"<p>Zg\u0142aszaj\u0105c protok\u00f3\u0142 EGZAMINACYJNY dostali\u015bmy blokad\u0119 dla os\u00f3b w tabeli poni\u017cej.<\/p>\n<p>W Polskim Zwi\u0105zku nie zarejestrowaneo LICENCJI PZKT \/ zwi\u0105zkowa op\u0142ata roczna 40 z\u0142. \/<\/p>\n<p>Je\u017celi Pa\u0144stwo op\u0142acili\u015bcie licencj\u0119 w ostatnim czasie prosimy o wys\u0142anie potwierdzenia na biuro@karate-sochaczew.pl<\/p>\n<p>Je\u017celi nie op\u0142acili\u015bcie &#8211; pod list\u0105 znajduje si\u0119 plik z danymi do przelewu, po przelewie prosimy o wys\u0142anie potwierdzenia na biuro@karate-sochaczew.pl<\/p>\n<p>Prosimy o wys\u0142anie potwierdze\u0144 najp\u00f3\u017aniej do poniedzia\u0142ku 20 czerwca 2022.<\/p>\n<p>Przypominamy Licencji nie op\u0142acamy na konto naszego klubu.<\/p>\n<table>\n<tbody>\n<tr>\n<td width=\"566\">Nazwisko i imi\u0119<\/td>\n<td width=\"275\">Wa\u017cno\u015b\u0107 licencji<\/td>\n<\/tr>\n<tr>\n<td width=\"566\"><strong>Antosiewicz Antoni<\/strong><\/td>\n<td width=\"275\">Brak<\/td>\n<\/tr>\n<tr>\n<td width=\"566\"><strong>Biernat Jakub <\/strong><\/td>\n<td width=\"275\">01.03.2022<\/td>\n<\/tr>\n<tr>\n<td width=\"566\"><strong>Czerwi\u0144ski Cezary<\/strong><\/td>\n<td width=\"275\">08.02.2022<\/td>\n<\/tr>\n<tr>\n<td width=\"566\"><strong>D\u0105browska Oliwia<\/strong><\/td>\n<td width=\"275\">01.06.2021<\/td>\n<\/tr>\n<tr>\n<td width=\"566\"><strong>Frelek Izabela<\/strong><\/td>\n<td width=\"275\">Brak<\/td>\n<\/tr>\n<tr>\n<td width=\"566\"><strong>Jakubowska Irena <\/strong><\/td>\n<td width=\"275\">02.02.2022<\/td>\n<\/tr>\n<tr>\n<td width=\"566\"><strong>Jaworski Bartek<\/strong><\/td>\n<td width=\"275\">Brak<\/td>\n<\/tr>\n<tr>\n<td width=\"566\"><strong>Ko\u0142osowski Alan<\/strong><\/td>\n<td width=\"275\">14.06.2022<\/td>\n<\/tr>\n<tr>\n<td width=\"566\"><strong>Lipi\u0144ska Wiktoria<\/strong><\/td>\n<td width=\"275\">Brak<\/td>\n<\/tr>\n<tr>\n<td width=\"566\"><strong>Majkowska Adrianna<\/strong><\/td>\n<td width=\"275\">25.03.2022<\/td>\n<\/tr>\n<tr>\n<td width=\"566\"><strong>Mi\u0142kowska Paulina <\/strong><\/td>\n<td width=\"275\">28.05.2022<\/td>\n<\/tr>\n<tr>\n<td width=\"566\"><strong>Radzikowska Urszula <\/strong><\/td>\n<td width=\"275\">09.06.2022<\/td>\n<\/tr>\n<tr>\n<td width=\"566\"><strong>Romanowski Antoni<\/strong><\/td>\n<td width=\"275\">Brak<\/td>\n<\/tr>\n<tr>\n<td width=\"566\"><strong>Sm\u00f3\u0142ka Wojtek<\/strong><\/td>\n<td width=\"275\">16.02.2022<\/td>\n<\/tr>\n<tr>\n<td width=\"566\"><strong>Szyma\u0144ska Saanane Zofia<\/strong><\/td>\n<td width=\"275\">31.01.2022<\/td>\n<\/tr>\n<tr>\n<td width=\"566\"><strong>Szyma\u0144ska Zofia<\/strong><\/td>\n<td width=\"275\">Brak<\/td>\n<\/tr>\n<tr>\n<td width=\"566\"><strong>Trzci\u0144ska Zoja<\/strong><\/td>\n<td width=\"275\">Brak<\/td>\n<\/tr>\n<tr>\n<td width=\"566\"><strong>Trzeciak Kalina<\/strong><\/td>\n<td width=\"275\">02.03.2021<\/td>\n<\/tr>\n<tr>\n<td width=\"566\"><strong>Twardowski Filip<\/strong><\/td>\n<td width=\"275\">28.05.2022<\/td>\n<\/tr>\n<tr>\n<td width=\"566\"><strong>Wi\u015bniewski Jacek<\/strong><\/td>\n<td width=\"275\">10.02.2022<\/td>\n<\/tr>\n<tr>\n<td width=\"566\"><strong>W\u0142odarczyk Adam <\/strong><\/td>\n<td width=\"275\">22.02.2022<\/td>\n<\/tr>\n<\/tbody>\n<\/table>\n<p><a href=\"http:\/\/www.karate-sochaczew.pl\/wp-content\/uploads\/2022\/05\/karta-egzaminacyjna-info.pdf\">karta egzaminacyjna info<\/a><\/p>\n","protected":false},"excerpt":{"rendered":"<p>Zg\u0142aszaj\u0105c protok\u00f3\u0142 EGZAMINACYJNY dostali\u015bmy blokad\u0119 dla os\u00f3b w tabeli poni\u017cej. W Polskim Zwi\u0105zku nie zarejestrowaneo LICENCJI PZKT \/ zwi\u0105zkowa op\u0142ata roczna 40 z\u0142. \/ Je\u017celi Pa\u0144stwo op\u0142acili\u015bcie licencj\u0119 w ostatnim czasie prosimy o wys\u0142anie potwierdzenia na biuro@karate-sochaczew.pl Je\u017celi nie op\u0142acili\u015bcie &#8211; pod list\u0105 znajduje si\u0119 plik z danymi do przelewu, po przelewie prosimy o wys\u0142anie potwierdzenia na biuro@karate-sochaczew.pl Prosimy o<\/p>\n","protected":false},"author":1,"featured_media":0,"comment_status":"closed","ping_status":"closed","sticky":false,"template":"","format":"standard","meta":[],"categories":[1],"tags":[],"_links":{"self":[{"href":"http:\/\/www.karate-sochaczew.pl\/index.php\/wp-json\/wp\/v2\/posts\/2182"}],"collection":[{"href":"http:\/\/www.karate-sochaczew.pl\/index.php\/wp-json\/wp\/v2\/posts"}],"about":[{"href":"http:\/\/www.karate-sochaczew.pl\/index.php\/wp-json\/wp\/v2\/types\/post"}],"author":[{"embeddable":true,"href":"http:\/\/www.karate-sochaczew.pl\/index.php\/wp-json\/wp\/v2\/users\/1"}],"replies":[{"embeddable":true,"href":"http:\/\/www.karate-sochaczew.pl\/index.php\/wp-json\/wp\/v2\/comments?post=2182"}],"version-history":[{"count":1,"href":"http:\/\/www.karate-sochaczew.pl\/index.php\/wp-json\/wp\/v2\/posts\/2182\/revisions"}],"predecessor-version":[{"id":2183,"href":"http:\/\/www.karate-sochaczew.pl\/index.php\/wp-json\/wp\/v2\/posts\/2182\/revisions\/2183"}],"wp:attachment":[{"href":"http:\/\/www.karate-sochaczew.pl\/index.php\/wp-json\/wp\/v2\/media?parent=2182"}],"wp:term":[{"taxonomy":"category","embeddable":true,"href":"http:\/\/www.karate-sochaczew.pl\/index.php\/wp-json\/wp\/v2\/categories?post=2182"},{"taxonomy":"post_tag","embeddable":true,"href":"http:\/\/www.karate-sochaczew.pl\/index.php\/wp-json\/wp\/v2\/tags?post=2182"}],"curies":[{"name":"wp","href":"https:\/\/api.w.org\/{rel}","templated":true}]}}