{"id":2209,"date":"2022-06-28T06:36:06","date_gmt":"2022-06-28T04:36:06","guid":{"rendered":"http:\/\/www.karate-sochaczew.pl\/?p=2209"},"modified":"2022-07-08T15:21:18","modified_gmt":"2022-07-08T13:21:18","slug":"polkolonie-4-lipca-2022-start","status":"publish","type":"post","link":"http:\/\/www.karate-sochaczew.pl\/index.php\/2022\/06\/28\/polkolonie-4-lipca-2022-start\/","title":{"rendered":"P\u00f3\u0142kolonie 11 lipca 2022 START"},"content":{"rendered":"<div class=\"fp-slider clearfix\">\n<div class=\"fp-slides-container clearfix\">\n<div class=\"fp-nav\"><span class=\"fp-pager\">\u00a0<strong>11 lipca 2022 rozpoczynamy II turnus p\u00f3\u0142kolonii<\/strong><\/span><\/div>\n<\/div>\n<div class=\"fp-nav\"><\/div>\n<\/div>\n<div id=\"content\">\n<div id=\"post-2202\" class=\"post clearfix post-2202 type-post status-publish format-standard hentry category-aktualnosci\">\n<div class=\"entry clearfix\">\n<div class=\"kvgmc6g5 cxmmr5t8 oygrvhab hcukyx3x c1et5uql ii04i59q\">\n<div dir=\"auto\"><span class=\"pq6dq46d tbxw36s4 knj5qynh kvgmc6g5 ditlmg2l oygrvhab nvdbi5me sf5mxxl7 gl3lb2sf hhz5lgdu\">\u00a0NASZA BAZA &#8211; Szko\u0142a Podstawowa nr 1 Sochaczew ul. Kaczorowskiego 7<\/span><\/div>\n<div dir=\"auto\"><span class=\"pq6dq46d tbxw36s4 knj5qynh kvgmc6g5 ditlmg2l oygrvhab nvdbi5me sf5mxxl7 gl3lb2sf hhz5lgdu\"><img decoding=\"async\" loading=\"lazy\" src=\"https:\/\/static.xx.fbcdn.net\/images\/emoji.php\/v9\/t9e\/1\/16\/27a1.png\" alt=\"\u27a1\ufe0f\" width=\"16\" height=\"16\" \/>\u00a0Zbi\u00f3rka dzieci &#8211; codziennie &#8211; 8.00-8.30 \/instruktorzy powinni by\u0107 ju\u017c co najmniej kwadrans przed 8.00 \/<\/span><\/div>\n<div dir=\"auto\"><img decoding=\"async\" loading=\"lazy\" src=\"https:\/\/static.xx.fbcdn.net\/images\/emoji.php\/v9\/t9e\/1\/16\/27a1.png\" alt=\"\u27a1\ufe0f\" width=\"16\" height=\"16\" \/>\u00a0Odbi\u00f3r dzieci &#8211; 16.00-16.30 \/ jest oczywi\u015bcie opcja wcze\u015bniejszego odebrania dziecka &#8211; prosimy wtedy o info\/<\/div>\n<div dir=\"auto\"><img decoding=\"async\" loading=\"lazy\" src=\"https:\/\/static.xx.fbcdn.net\/images\/emoji.php\/v9\/t33\/1\/16\/2705.png\" alt=\"\u2705\ufe0f\" width=\"16\" height=\"16\" \/>\u00a0 Dzieci zabra\u0107 ze sob\u0105 powinny: obuwie na zmian\u0119, str\u00f3j sportowy lub\/i kimono, drugie \u015bniadanie &#8211; wedle uznania kto co lubi \ud83d\ude42<\/div>\n<\/div>\n<div class=\"cxmmr5t8 oygrvhab hcukyx3x c1et5uql o9v6fnle ii04i59q\">\n<div dir=\"auto\"><span class=\"pq6dq46d tbxw36s4 knj5qynh kvgmc6g5 ditlmg2l oygrvhab nvdbi5me sf5mxxl7 gl3lb2sf hhz5lgdu\"><img decoding=\"async\" loading=\"lazy\" src=\"https:\/\/static.xx.fbcdn.net\/images\/emoji.php\/v9\/t39\/1\/16\/1f4e2.png\" alt=\"?\" width=\"16\" height=\"16\" \/><\/span><span class=\"pq6dq46d tbxw36s4 knj5qynh kvgmc6g5 ditlmg2l oygrvhab nvdbi5me sf5mxxl7 gl3lb2sf hhz5lgdu\"><img decoding=\"async\" loading=\"lazy\" src=\"https:\/\/static.xx.fbcdn.net\/images\/emoji.php\/v9\/tba\/1\/16\/1f4e3.png\" alt=\"?\" width=\"16\" height=\"16\" \/>BARDZO Prosimy o podpisanie szczeg\u00f3lnie kimon &#8211; co pozwoli nam szybk\u0105 identyfikacje\u00a0<\/span>\u00a0<span class=\"pq6dq46d tbxw36s4 knj5qynh kvgmc6g5 ditlmg2l oygrvhab nvdbi5me sf5mxxl7 gl3lb2sf hhz5lgdu\"><img decoding=\"async\" loading=\"lazy\" src=\"https:\/\/static.xx.fbcdn.net\/images\/emoji.php\/v9\/t39\/1\/16\/1f4e2.png\" alt=\"?\" width=\"16\" height=\"16\" \/><\/span><span class=\"pq6dq46d tbxw36s4 knj5qynh kvgmc6g5 ditlmg2l oygrvhab nvdbi5me sf5mxxl7 gl3lb2sf hhz5lgdu\"><img decoding=\"async\" loading=\"lazy\" src=\"https:\/\/static.xx.fbcdn.net\/images\/emoji.php\/v9\/tba\/1\/16\/1f4e3.png\" alt=\"?\" width=\"16\" height=\"16\" \/><\/span><span class=\"pq6dq46d tbxw36s4 knj5qynh kvgmc6g5 ditlmg2l oygrvhab nvdbi5me sf5mxxl7 gl3lb2sf hhz5lgdu\"><img decoding=\"async\" loading=\"lazy\" src=\"https:\/\/static.xx.fbcdn.net\/images\/emoji.php\/v9\/t5f\/1\/16\/1f31e.png\" alt=\"?\" width=\"16\" height=\"16\" \/><\/span><span class=\"pq6dq46d tbxw36s4 knj5qynh kvgmc6g5 ditlmg2l oygrvhab nvdbi5me sf5mxxl7 gl3lb2sf hhz5lgdu\"><img decoding=\"async\" loading=\"lazy\" src=\"https:\/\/static.xx.fbcdn.net\/images\/emoji.php\/v9\/t5f\/1\/16\/1f31e.png\" alt=\"?\" width=\"16\" height=\"16\" \/><\/span><span class=\"pq6dq46d tbxw36s4 knj5qynh kvgmc6g5 ditlmg2l oygrvhab nvdbi5me sf5mxxl7 gl3lb2sf hhz5lgdu\"><img decoding=\"async\" loading=\"lazy\" src=\"https:\/\/static.xx.fbcdn.net\/images\/emoji.php\/v9\/t5f\/1\/16\/1f31e.png\" alt=\"?\" width=\"16\" height=\"16\" \/><\/span><\/div>\n<div dir=\"auto\">&#8211; w dniu wyjazdu na trampoliny prosimy o zabranie skarpetek antypo\u015blizgowych, lub przekazanie dzieciom 10 z\u0142 na ich zakup w AIRO<\/div>\n<div dir=\"auto\">&#8211; w dniu wyjazdu na Baseny TERMY MSZCZON\u00d3W prosimy o zabranie klapeczek, k\u0105piel\u00f3wek, r\u0119cznika, kremu do opalania<\/div>\n<div dir=\"auto\">&#8211; w dniu wyj\u015bcia do kina mo\u017cna dzieciom da\u0107 kieszonkowe na popcorn<\/div>\n<div dir=\"auto\"><img decoding=\"async\" loading=\"lazy\" src=\"https:\/\/static.xx.fbcdn.net\/images\/emoji.php\/v9\/t33\/1\/16\/2705.png\" alt=\"\u2705\ufe0f\" width=\"16\" height=\"16\" \/>\u00a0W czasie p\u00f3\u0142kolonii obowi\u0105zuje zakaz jedzenia chips\u00f3w itp oraz picia coli itp. gazowa\u0144c\u00f3w \/ wyj\u0105tkiem mo\u017ce by\u0107 wyj\u015bcie do kina \/<\/div>\n<div dir=\"auto\"><img decoding=\"async\" loading=\"lazy\" src=\"https:\/\/static.xx.fbcdn.net\/images\/emoji.php\/v9\/t33\/1\/16\/2705.png\" alt=\"\u2705\ufe0f\" width=\"16\" height=\"16\" \/>Je\u017celi, kt\u00f3re\u015b dziecko stosuje specjaln\u0105 diet\u0119 prosimy o informacj\u0119 o tym fakcie na nr telefonu 606 661 245 najp\u00f3\u017aniej do czwartku 30 czerwca.<\/div>\n<div dir=\"auto\"><img decoding=\"async\" loading=\"lazy\" src=\"https:\/\/static.xx.fbcdn.net\/images\/emoji.php\/v9\/t33\/1\/16\/2705.png\" alt=\"\u2705\ufe0f\" width=\"16\" height=\"16\" \/>nie otrzymali\u015bmy od wszystkich Pa\u0144stwa\u00a0 kart uczestnik\u00f3w \/ dokument\u00a0<a href=\"http:\/\/www.karate-sochaczew.pl\/wp-content\/uploads\/2022\/06\/Karta-kwalifikacyjna-P\u00f3\u0142kolonie-z-KARATE-2022.doc\">Karta kwalifikacyjna P\u00f3\u0142kolonie z KARATE 2022<\/a>\u00a0\/<\/div>\n<div dir=\"auto\">&#8211; kart\u0119 prosimy wydrukowa\u0107 i przekaza\u0107 w pierwszym dniu p\u00f3\u0142kolonii<\/div>\n<div dir=\"auto\"><span class=\"pq6dq46d tbxw36s4 knj5qynh kvgmc6g5 ditlmg2l oygrvhab nvdbi5me sf5mxxl7 gl3lb2sf hhz5lgdu\"><img decoding=\"async\" loading=\"lazy\" src=\"https:\/\/static.xx.fbcdn.net\/images\/emoji.php\/v9\/t51\/1\/16\/1f449.png\" alt=\"?\" width=\"16\" height=\"16\" \/>\u00a0Osoby, kt\u00f3re nie wp\u0142aci\u0142y drugiej raty prosimy o uregulowanie wp\u0142aty w pierwszym dniu p\u00f3\u0142kolonii u instruktora.<\/span><\/div>\n<\/div>\n<\/div>\n<\/div>\n<\/div>\n<div dir=\"auto\" style=\"text-align: center;\"><\/div>\n<div dir=\"auto\"><\/div>\n<div dir=\"auto\">\n<hr \/>\n<\/div>\n<div dir=\"auto\"><\/div>\n<div dir=\"auto\" style=\"text-align: center;\"><strong>Wst\u0119pny harmonogram 2 turnus<\/strong><\/div>\n<div dir=\"auto\">\u00a0<img decoding=\"async\" loading=\"lazy\" class=\"aligncenter size-full wp-image-2216\" src=\"http:\/\/www.karate-sochaczew.pl\/wp-content\/uploads\/2022\/06\/polkolonie-2-tunusik.png\" alt=\"polkolonie 2 tunusik\" width=\"1587\" height=\"2245\" srcset=\"http:\/\/www.karate-sochaczew.pl\/wp-content\/uploads\/2022\/06\/polkolonie-2-tunusik.png 1587w, http:\/\/www.karate-sochaczew.pl\/wp-content\/uploads\/2022\/06\/polkolonie-2-tunusik-212x300.png 212w, http:\/\/www.karate-sochaczew.pl\/wp-content\/uploads\/2022\/06\/polkolonie-2-tunusik-768x1086.png 768w, http:\/\/www.karate-sochaczew.pl\/wp-content\/uploads\/2022\/06\/polkolonie-2-tunusik-724x1024.png 724w\" sizes=\"(max-width: 1587px) 100vw, 1587px\" \/><\/div>\n","protected":false},"excerpt":{"rendered":"<p>\u00a011 lipca 2022 rozpoczynamy II turnus p\u00f3\u0142kolonii \u00a0NASZA BAZA &#8211; Szko\u0142a Podstawowa nr 1 Sochaczew ul. Kaczorowskiego 7 \u00a0Zbi\u00f3rka dzieci &#8211; codziennie &#8211; 8.00-8.30 \/instruktorzy powinni by\u0107 ju\u017c co najmniej kwadrans przed 8.00 \/ \u00a0Odbi\u00f3r dzieci &#8211; 16.00-16.30 \/ jest oczywi\u015bcie opcja wcze\u015bniejszego odebrania dziecka &#8211; prosimy wtedy o info\/ \u00a0 Dzieci zabra\u0107 ze sob\u0105 powinny: obuwie na zmian\u0119, str\u00f3j<\/p>\n","protected":false},"author":1,"featured_media":0,"comment_status":"closed","ping_status":"closed","sticky":false,"template":"","format":"standard","meta":[],"categories":[1],"tags":[],"_links":{"self":[{"href":"http:\/\/www.karate-sochaczew.pl\/index.php\/wp-json\/wp\/v2\/posts\/2209"}],"collection":[{"href":"http:\/\/www.karate-sochaczew.pl\/index.php\/wp-json\/wp\/v2\/posts"}],"about":[{"href":"http:\/\/www.karate-sochaczew.pl\/index.php\/wp-json\/wp\/v2\/types\/post"}],"author":[{"embeddable":true,"href":"http:\/\/www.karate-sochaczew.pl\/index.php\/wp-json\/wp\/v2\/users\/1"}],"replies":[{"embeddable":true,"href":"http:\/\/www.karate-sochaczew.pl\/index.php\/wp-json\/wp\/v2\/comments?post=2209"}],"version-history":[{"count":8,"href":"http:\/\/www.karate-sochaczew.pl\/index.php\/wp-json\/wp\/v2\/posts\/2209\/revisions"}],"predecessor-version":[{"id":2225,"href":"http:\/\/www.karate-sochaczew.pl\/index.php\/wp-json\/wp\/v2\/posts\/2209\/revisions\/2225"}],"wp:attachment":[{"href":"http:\/\/www.karate-sochaczew.pl\/index.php\/wp-json\/wp\/v2\/media?parent=2209"}],"wp:term":[{"taxonomy":"category","embeddable":true,"href":"http:\/\/www.karate-sochaczew.pl\/index.php\/wp-json\/wp\/v2\/categories?post=2209"},{"taxonomy":"post_tag","embeddable":true,"href":"http:\/\/www.karate-sochaczew.pl\/index.php\/wp-json\/wp\/v2\/tags?post=2209"}],"curies":[{"name":"wp","href":"https:\/\/api.w.org\/{rel}","templated":true}]}}