{"id":2227,"date":"2022-07-18T10:39:26","date_gmt":"2022-07-18T08:39:26","guid":{"rendered":"http:\/\/www.karate-sochaczew.pl\/?p=2227"},"modified":"2022-07-18T11:00:54","modified_gmt":"2022-07-18T09:00:54","slug":"jantar-oboz-kadry-makt-22-28-08-2022","status":"publish","type":"post","link":"http:\/\/www.karate-sochaczew.pl\/index.php\/2022\/07\/18\/jantar-oboz-kadry-makt-22-28-08-2022\/","title":{"rendered":"JANTAR &#8211; ob\u00f3z KADRY MZKT 22-28.08.2022"},"content":{"rendered":"<p>Prosimy o uregulowanie kolejnych cz\u0119\u015bci wp\u0142aty za ob\u00f3z szkoleniowy Jantar 2022<\/p>\n<p>Koszt obozu 1200 z\u0142.<\/p>\n<p>Marcel Kawecki &#8211; otrzymuje dofinansowanie MZKT 100 z\u0142. KK Socho 100 z\u0142.<\/p>\n<p>Maja Kononowicz &#8211; otrzymuje dofinansowanie MZKT 100 z\u0142. KK Socho 100 z\u0142.<\/p>\n<p>Piotr Magdali\u0144ski &#8211; otrzymuje dofinansowanie KK Socho 100 z\u0142.<\/p>\n<p>Bartek Sa\u0142aci\u0144ski &#8211; otrzymuje dofinansowanie KK Socho 100 z\u0142.<\/p>\n<p>Weronika Wilczy\u0144ska &#8211; otrzymuje dofinansowanie MZKT 100 z\u0142. KK Socho 100 z\u0142.<\/p>\n<p>Bartosz Cybulski &#8211; otrzymuje dofinansowanie MZKT 100 z\u0142. KK Socho 150 z\u0142.<\/p>\n<p>Patrycja Wilczy\u0144ska &#8211; otrzymuje dofinansowanie MZKT 100 z\u0142. KK Socho 100 z\u0142.<\/p>\n<p>Stanis\u0142aw Bryczek &#8211;\u00a0otrzymuje dofinansowanie KK Socho 100 z\u0142.<\/p>\n<p>Filip Twardowski &#8211; otrzymuje dofinansowanie KK Socho 100 z\u0142.<\/p>\n<p>B\u0142a\u017cej Stelmach-\u00a0otrzymuje dofinansowanie MZKT 100 z\u0142. KK Socho 100 z\u0142.\u00a0 \u00a0\/ Prosimy o wp\u0142at\u0119 op\u0142aty rezerwacyjnej 400 z\u0142. \/<\/p>\n<p>Adam W\u0142odarczyk &#8211; otrzymuje dofinansowanie KK Socho 100 z\u0142.<\/p>\n<p>Tomasz W\u0142odarczyk &#8211; otrzymuje dofinansowanie KK Socho 100 z\u0142.<\/p>\n<p>Prosimy wp\u0142aci\u0107 II rat\u0119 400 z\u0142. w Lipcu 2022<\/p>\n<p>III rat\u0119 400 z\u0142. minus dofinansowanie jakie macie do 15 sierpnia 2022<\/p>\n<p>W razie pyta\u0144 prosz\u0119 o kontakt 6088 661 245<\/p>\n<p><img decoding=\"async\" loading=\"lazy\" class=\"aligncenter size-full wp-image-2035\" src=\"http:\/\/www.karate-sochaczew.pl\/wp-content\/uploads\/2022\/03\/0002.jpg\" alt=\"0002\" width=\"1500\" height=\"2100\" srcset=\"http:\/\/www.karate-sochaczew.pl\/wp-content\/uploads\/2022\/03\/0002.jpg 1500w, http:\/\/www.karate-sochaczew.pl\/wp-content\/uploads\/2022\/03\/0002-214x300.jpg 214w, http:\/\/www.karate-sochaczew.pl\/wp-content\/uploads\/2022\/03\/0002-768x1075.jpg 768w, http:\/\/www.karate-sochaczew.pl\/wp-content\/uploads\/2022\/03\/0002-731x1024.jpg 731w\" sizes=\"(max-width: 1500px) 100vw, 1500px\" \/><\/p>\n","protected":false},"excerpt":{"rendered":"<p>Prosimy o uregulowanie kolejnych cz\u0119\u015bci wp\u0142aty za ob\u00f3z szkoleniowy Jantar 2022 Koszt obozu 1200 z\u0142. Marcel Kawecki &#8211; otrzymuje dofinansowanie MZKT 100 z\u0142. KK Socho 100 z\u0142. Maja Kononowicz &#8211; otrzymuje dofinansowanie MZKT 100 z\u0142. KK Socho 100 z\u0142. Piotr Magdali\u0144ski &#8211; otrzymuje dofinansowanie KK Socho 100 z\u0142. Bartek Sa\u0142aci\u0144ski &#8211; otrzymuje dofinansowanie KK Socho 100 z\u0142. Weronika Wilczy\u0144ska &#8211;<\/p>\n","protected":false},"author":1,"featured_media":0,"comment_status":"closed","ping_status":"closed","sticky":false,"template":"","format":"standard","meta":[],"categories":[1],"tags":[],"_links":{"self":[{"href":"http:\/\/www.karate-sochaczew.pl\/index.php\/wp-json\/wp\/v2\/posts\/2227"}],"collection":[{"href":"http:\/\/www.karate-sochaczew.pl\/index.php\/wp-json\/wp\/v2\/posts"}],"about":[{"href":"http:\/\/www.karate-sochaczew.pl\/index.php\/wp-json\/wp\/v2\/types\/post"}],"author":[{"embeddable":true,"href":"http:\/\/www.karate-sochaczew.pl\/index.php\/wp-json\/wp\/v2\/users\/1"}],"replies":[{"embeddable":true,"href":"http:\/\/www.karate-sochaczew.pl\/index.php\/wp-json\/wp\/v2\/comments?post=2227"}],"version-history":[{"count":3,"href":"http:\/\/www.karate-sochaczew.pl\/index.php\/wp-json\/wp\/v2\/posts\/2227\/revisions"}],"predecessor-version":[{"id":2230,"href":"http:\/\/www.karate-sochaczew.pl\/index.php\/wp-json\/wp\/v2\/posts\/2227\/revisions\/2230"}],"wp:attachment":[{"href":"http:\/\/www.karate-sochaczew.pl\/index.php\/wp-json\/wp\/v2\/media?parent=2227"}],"wp:term":[{"taxonomy":"category","embeddable":true,"href":"http:\/\/www.karate-sochaczew.pl\/index.php\/wp-json\/wp\/v2\/categories?post=2227"},{"taxonomy":"post_tag","embeddable":true,"href":"http:\/\/www.karate-sochaczew.pl\/index.php\/wp-json\/wp\/v2\/tags?post=2227"}],"curies":[{"name":"wp","href":"https:\/\/api.w.org\/{rel}","templated":true}]}}