{"id":2260,"date":"2022-09-01T19:17:30","date_gmt":"2022-09-01T17:17:30","guid":{"rendered":"http:\/\/www.karate-sochaczew.pl\/?p=2260"},"modified":"2023-09-04T22:57:11","modified_gmt":"2023-09-04T20:57:11","slug":"wstepny-harmonogram-zajec-20222023","status":"publish","type":"post","link":"http:\/\/www.karate-sochaczew.pl\/index.php\/2022\/09\/01\/wstepny-harmonogram-zajec-20222023\/","title":{"rendered":"Harmonogram zaj\u0119\u0107 2023\/2024"},"content":{"rendered":"<p style=\"text-align: left;\">Trenujemy w nast\u0119puj\u0105cych lokalizacjach:<\/p>\n<p>\u2705? Szko\u0142a Podstawowa nr 1 w Sochaczewie ul. R. Kaczorowskiego 7 \/ poinformujemy o rozpocz\u0119ciu zaj\u0119\u0107 \/<\/p>\n<p>\u2705? Szko\u0142a Podstawowa nr 2 w Sochaczewie ul. 15 Sierpnia 44 &#8211; rozpoczynamy zaj\u0119cia 7 wrze\u015bnia<\/p>\n<p>\u2705? Szko\u0142a Podstawowa nr 6 w Sochaczewie ul. Staszica 106 &#8211; rozpoczynamy zaj\u0119cia 12 wrze\u015bnia<\/p>\n<p>\u2705? Szko\u0142a Podstawowa w Brochowie &#8211; rozpoczynamy zaj\u0119cia 11 wrze\u015bnia<\/p>\n<p>\u2705? Szko\u0142a Podstawowa w Lesznie ul. Le\u015bna 13 &#8211; rozpoczynamy zaj\u0119cia 8 wrze\u015bnia<\/p>\n<p>\u2705? MOSiR Sochaczew ul. Chopina 101 \/KADRA KLUBU\/ &#8211; rozpoczynamy zaj\u0119cia 6 wrze\u015bnia<\/p>\n<p>\u2705? Grupa PRZEDSZKOLNA SP nr 6 Sochaczew &#8211; \/ poinformujemy o rozpocz\u0119ciu zaj\u0119\u0107 \/<\/p>\n<p>\u26e9 Grupa PRZEDSZKOLNA \u2013 Zapraszamy dzieci od 4 roku \u017cycia<\/p>\n<p>\u26e9 Grupy SZKOLNE \u2013 Zapraszamy dzieci od 6-7 roku \u017cycia i starsze<\/p>\n<p>\u26e9 Grupa DORO\u015aLI \u2013 Zapraszamy osoby w wieku powy\u017cej 16 roku \u017cycia, szczeg\u00f3lnie zapraszamy Rodzic\u00f3w naszych najm\u0142odszych Klubowicz\u00f3w.<\/p>\n<p>? W razie pyta\u0144 prosimy o kontakt pod nr tel 608 661 245 lub mail biuro@karate-sochaczew.pl Oss<\/p>\n<p>\u00a0<\/p>\n\n\n<figure class=\"wp-block-image size-large\"><img decoding=\"async\" loading=\"lazy\" width=\"1024\" height=\"638\" src=\"http:\/\/www.karate-sochaczew.pl\/wp-content\/uploads\/2023\/09\/HARONOGRAM-2023-2024-1024x638.jpg\" alt=\"\" class=\"wp-image-2638\" srcset=\"http:\/\/www.karate-sochaczew.pl\/wp-content\/uploads\/2023\/09\/HARONOGRAM-2023-2024-1024x638.jpg 1024w, http:\/\/www.karate-sochaczew.pl\/wp-content\/uploads\/2023\/09\/HARONOGRAM-2023-2024-300x187.jpg 300w, http:\/\/www.karate-sochaczew.pl\/wp-content\/uploads\/2023\/09\/HARONOGRAM-2023-2024-768x478.jpg 768w, http:\/\/www.karate-sochaczew.pl\/wp-content\/uploads\/2023\/09\/HARONOGRAM-2023-2024-1536x957.jpg 1536w, http:\/\/www.karate-sochaczew.pl\/wp-content\/uploads\/2023\/09\/HARONOGRAM-2023-2024-2048x1275.jpg 2048w\" sizes=\"(max-width: 1024px) 100vw, 1024px\" \/><\/figure>\n","protected":false},"excerpt":{"rendered":"<p>Trenujemy w nast\u0119puj\u0105cych lokalizacjach: \u2705? Szko\u0142a Podstawowa nr 1 w Sochaczewie ul. R. Kaczorowskiego 7 \/ poinformujemy o rozpocz\u0119ciu zaj\u0119\u0107 \/ \u2705? Szko\u0142a Podstawowa nr 2 w Sochaczewie ul. 15 Sierpnia 44 &#8211; rozpoczynamy zaj\u0119cia 7 wrze\u015bnia \u2705? Szko\u0142a Podstawowa nr 6 w Sochaczewie ul. Staszica 106 &#8211; rozpoczynamy zaj\u0119cia 12 wrze\u015bnia \u2705? Szko\u0142a Podstawowa w Brochowie &#8211; rozpoczynamy zaj\u0119cia<\/p>\n","protected":false},"author":1,"featured_media":0,"comment_status":"closed","ping_status":"closed","sticky":false,"template":"","format":"standard","meta":[],"categories":[1,15],"tags":[],"_links":{"self":[{"href":"http:\/\/www.karate-sochaczew.pl\/index.php\/wp-json\/wp\/v2\/posts\/2260"}],"collection":[{"href":"http:\/\/www.karate-sochaczew.pl\/index.php\/wp-json\/wp\/v2\/posts"}],"about":[{"href":"http:\/\/www.karate-sochaczew.pl\/index.php\/wp-json\/wp\/v2\/types\/post"}],"author":[{"embeddable":true,"href":"http:\/\/www.karate-sochaczew.pl\/index.php\/wp-json\/wp\/v2\/users\/1"}],"replies":[{"embeddable":true,"href":"http:\/\/www.karate-sochaczew.pl\/index.php\/wp-json\/wp\/v2\/comments?post=2260"}],"version-history":[{"count":7,"href":"http:\/\/www.karate-sochaczew.pl\/index.php\/wp-json\/wp\/v2\/posts\/2260\/revisions"}],"predecessor-version":[{"id":2640,"href":"http:\/\/www.karate-sochaczew.pl\/index.php\/wp-json\/wp\/v2\/posts\/2260\/revisions\/2640"}],"wp:attachment":[{"href":"http:\/\/www.karate-sochaczew.pl\/index.php\/wp-json\/wp\/v2\/media?parent=2260"}],"wp:term":[{"taxonomy":"category","embeddable":true,"href":"http:\/\/www.karate-sochaczew.pl\/index.php\/wp-json\/wp\/v2\/categories?post=2260"},{"taxonomy":"post_tag","embeddable":true,"href":"http:\/\/www.karate-sochaczew.pl\/index.php\/wp-json\/wp\/v2\/tags?post=2260"}],"curies":[{"name":"wp","href":"https:\/\/api.w.org\/{rel}","templated":true}]}}