{"id":2315,"date":"2022-12-04T11:46:51","date_gmt":"2022-12-04T10:46:51","guid":{"rendered":"http:\/\/www.karate-sochaczew.pl\/?p=2315"},"modified":"2022-12-07T08:46:12","modified_gmt":"2022-12-07T07:46:12","slug":"badania-5-grudnia-2022-sp-nr-2-sochaczew","status":"publish","type":"post","link":"http:\/\/www.karate-sochaczew.pl\/index.php\/2022\/12\/04\/badania-5-grudnia-2022-sp-nr-2-sochaczew\/","title":{"rendered":"Puchar \u015awiata &#8211; INFO"},"content":{"rendered":"<p><img decoding=\"async\" loading=\"lazy\" class=\"size-full wp-image-2318 alignright\" src=\"http:\/\/www.karate-sochaczew.pl\/wp-content\/uploads\/2022\/12\/obrazek-3.jpg\" alt=\"obrazek-3\" width=\"600\" height=\"450\" srcset=\"http:\/\/www.karate-sochaczew.pl\/wp-content\/uploads\/2022\/12\/obrazek-3.jpg 600w, http:\/\/www.karate-sochaczew.pl\/wp-content\/uploads\/2022\/12\/obrazek-3-300x225.jpg 300w\" sizes=\"(max-width: 600px) 100vw, 600px\" \/>Wczoraj otrzymali\u015bmy harmonogram Mistrzostw \u015awiata oraz Pucharu \u015awiata Dzieci w Karate Tradycyjnym Lublin 2022<\/p>\n<div>\n<div><b><span id=\"v1m_6930451432843643152gmail-[527,533]\">SOBOTA<\/span>,\u00a0<span id=\"v1m_6930451432843643152gmail-[535,537]\">10<\/span>\u00a0<span id=\"v1m_6930451432843643152gmail-[538,545]\">GRUDNIA<\/span>\u00a0<span id=\"v1m_6930451432843643152gmail-[547,551]\">2022<\/span><\/b><\/p>\n<\/div>\n<div>\u00a0&#8211; Marta Krawczyk \/\/ Iga Malinowska\u00a0 \/\/\u00a0 Piotr Wernicki \/\/\u00a0 Wojciech J\u00f3\u017awiak\u00a0 \/\/\u00a0 Karol Ryng<\/div>\n<div><span id=\"v1m_6930451432843643152gmail-[553,557]\">08:30 &#8211;\u00a0<span id=\"v1m_6930451432843643152gmail-[366,370]\">rozpocz\u0119cie, oficjalne otwarcie, wsp\u00f3lna rozgrzewka<\/span><\/span><\/div>\n<div><span id=\"v1m_6930451432843643152gmail-[553,557]\">09:30<\/span>\u00a0&#8211; Rozpocz\u0119cie START\u00d3W &#8211;\u00a0<span id=\"v1m_6930451432843643152gmail-[566,571]\">Puchar \u015awiata Dzieci,\u00a0<\/span><span id=\"v1m_6930451432843643152gmail-[608,613]\">Grupa<\/span>\u00a0<span id=\"v1m_6930451432843643152gmail-[614,617]\">A,B<\/span>\u00a0(<span id=\"v1m_6930451432843643152gmail-[619,629]\">2013, 2014, 2015 i m\u0142odsi<\/span>)<\/div>\n<div>14:00 &#8211; dekoracje &#8211; Dzieci<\/div>\n<div><span id=\"v1m_6930451432843643152gmail-[652,657]\">16:00<\/span>\u00a0&#8211;\u00a0<span id=\"v1m_6930451432843643152gmail-[660,665]\">19:00<\/span>\u00a0&#8211; Uroczysta Gala &#8211; Walki Fina\u0142owe Mistrzostw \u015awiata\u00a0<span id=\"v1m_6930451432843643152gmail-[373,378]\"><span id=\"v1m_6930451432843643152gmail-[19,23]\">WTKU<\/span>\u00a0<span id=\"v1m_6930451432843643152gmail-[24,25]\">w<\/span>\u00a0<span id=\"v1m_6930451432843643152gmail-[26,34]\">Karate-do<\/span>\u00a0<span id=\"v1m_6930451432843643152gmail-[35,46]\">Tradycyjnym\u00a0<i>(wej\u015bcie na podstawie kart wst\u0119pu lub opasek identyfikacyjnych do pobrania w biurze zawod\u00f3w)<\/i><\/span><\/span><\/div>\n<div>19:00 &#8211; dekoracje &#8211; Seniorzy<\/div>\n<\/div>\n<div><\/div>\n<div><span id=\"v1m_6930451432843643152gmail-[895,900]\">Je\u015bli<\/span>\u00a0grupa\u00a0<span id=\"v1m_6930451432843643152gmail-[922,923]\">A<\/span>\u00a0<span id=\"v1m_6930451432843643152gmail-[924,925]\">i<\/span>\u00a0<span id=\"v1m_6930451432843643152gmail-[926,928]\">B nie zostanie zako\u0144czona w sobot\u0119,<\/span>\u00a0<span id=\"v1m_6930451432843643152gmail-[932,937]\">grupa<\/span>\u00a0<span id=\"v1m_6930451432843643152gmail-[938,944]\">b\u0119dzie<\/span>\u00a0<span id=\"v1m_6930451432843643152gmail-[945,957]\">kontynuowana<\/span>\u00a0<span id=\"v1m_6930451432843643152gmail-[958,959]\">w<\/span>\u00a0<span id=\"v1m_6930451432843643152gmail-[960,969]\">niedziel\u0119<\/span>.<\/div>\n<div>\n<div><\/div>\n<div>\n<b><span id=\"v1m_6930451432843643152gmail-[767,776]\">NIEDZIELA<\/span>,\u00a0<span id=\"v1m_6930451432843643152gmail-[778,780]\">11<\/span>\u00a0<span id=\"v1m_6930451432843643152gmail-[781,788]\">GRUDNIA<\/span>\u00a0<span id=\"v1m_6930451432843643152gmail-[790,794]\">2022<\/span><\/b><\/div>\n<div><\/div>\n<div>&#8211; Alicja M\u0142y\u0144ska \/\/ Marta Kryczka \/\/ Antoni Romanowski \/\/ Szymon Rau \/\/ Adam Wysocki \/\/ Adam Dudzi\u0144\u015bki \/\/ Stanis\u0142aw Bryczek \/\/ Franciszek O\u0142tarzewski \/\/ Kuba \u015awi\u0105tkowski<\/p>\n<div><span id=\"v1m_6930451432843643152gmail-[553,557]\">08:30 &#8211;\u00a0<span id=\"v1m_6930451432843643152gmail-[366,370]\">rozpocz\u0119cie, wsp\u00f3lna rozgrzewka<\/span><\/span><\/div>\n<div><span id=\"v1m_6930451432843643152gmail-[553,557]\">09:30<\/span>\u00a0&#8211; ROZPOCZ\u0118CIE start\u00f3w &#8211;\u00a0<span id=\"v1m_6930451432843643152gmail-[566,571]\">Puchar \u015awiata Dzieci,\u00a0<\/span><span id=\"v1m_6930451432843643152gmail-[608,613]\">Grupa<\/span>\u00a0<span id=\"v1m_6930451432843643152gmail-[614,617]\">C,D<\/span>\u00a0(<span id=\"v1m_6930451432843643152gmail-[619,629]\">2009, 2010, 2011,2012<\/span>)<\/div>\n<div>13:00 &#8211; dekoracje<\/div>\n<div><span id=\"v1m_6930451432843643152gmail-[652,657]\">14:00<\/span>\u00a0&#8211; dalszy ci\u0105g Pucharu \u015awiata Dzieci,\u00a0<span id=\"v1m_6930451432843643152gmail-[608,613]\">Grupa<\/span>\u00a0<span id=\"v1m_6930451432843643152gmail-[614,617]\">C,D<\/span>\u00a0(<span id=\"v1m_6930451432843643152gmail-[619,629]\">2009, 2010, 2011,2012<\/span>)<\/div>\n<div>18:00 &#8211; dekoracje i przewidywane zako\u0144czenie<\/div>\n<\/div>\n<\/div>\n<div><\/div>\n<div>Wej\u015bci\u00f3wki, opaski dla dzieci sensei \u0141ukasz &#8211; wyda przed rozpocz\u0119ciem zawod\u00f3w rano na hali, lub je\u017celi kto\u015b b\u0119dzie dzie\u0144 wcze\u015bniej mo\u017cemy si\u0119 um\u00f3wi<\/div>\n<div><\/div>\n<div>\n<div><span id=\"v1m_6930451432843643152gmail-[895,900]\">\u00a0<\/span><\/div>\n<div>Celem u\u0142atwienia komunikacji za\u0142o\u017cymy wsp\u00f3ln\u0105 grup\u0119 na WhatsApp \ud83d\ude42<\/div>\n<div>Je\u017celi macie mo\u017cliwo\u015b\u0107 za\u0142\u00f3\u017ccie aplikacje.<\/div>\n<div>W razie pyta\u0144 prosz\u0119 o kontakt 608 661 245<\/div>\n<div><\/div>\n<\/div>\n<div><\/div>\n<div><\/div>\n","protected":false},"excerpt":{"rendered":"<p>Wczoraj otrzymali\u015bmy harmonogram Mistrzostw \u015awiata oraz Pucharu \u015awiata Dzieci w Karate Tradycyjnym Lublin 2022 SOBOTA,\u00a010\u00a0GRUDNIA\u00a02022 \u00a0&#8211; Marta Krawczyk \/\/ Iga Malinowska\u00a0 \/\/\u00a0 Piotr Wernicki \/\/\u00a0 Wojciech J\u00f3\u017awiak\u00a0 \/\/\u00a0 Karol Ryng 08:30 &#8211;\u00a0rozpocz\u0119cie, oficjalne otwarcie, wsp\u00f3lna rozgrzewka 09:30\u00a0&#8211; Rozpocz\u0119cie START\u00d3W &#8211;\u00a0Puchar \u015awiata Dzieci,\u00a0Grupa\u00a0A,B\u00a0(2013, 2014, 2015 i m\u0142odsi) 14:00 &#8211; dekoracje &#8211; Dzieci 16:00\u00a0&#8211;\u00a019:00\u00a0&#8211; Uroczysta Gala &#8211; Walki Fina\u0142owe Mistrzostw \u015awiata\u00a0WTKU\u00a0w\u00a0Karate-do\u00a0Tradycyjnym\u00a0(wej\u015bcie na<\/p>\n","protected":false},"author":1,"featured_media":0,"comment_status":"closed","ping_status":"closed","sticky":false,"template":"","format":"standard","meta":[],"categories":[1],"tags":[],"_links":{"self":[{"href":"http:\/\/www.karate-sochaczew.pl\/index.php\/wp-json\/wp\/v2\/posts\/2315"}],"collection":[{"href":"http:\/\/www.karate-sochaczew.pl\/index.php\/wp-json\/wp\/v2\/posts"}],"about":[{"href":"http:\/\/www.karate-sochaczew.pl\/index.php\/wp-json\/wp\/v2\/types\/post"}],"author":[{"embeddable":true,"href":"http:\/\/www.karate-sochaczew.pl\/index.php\/wp-json\/wp\/v2\/users\/1"}],"replies":[{"embeddable":true,"href":"http:\/\/www.karate-sochaczew.pl\/index.php\/wp-json\/wp\/v2\/comments?post=2315"}],"version-history":[{"count":3,"href":"http:\/\/www.karate-sochaczew.pl\/index.php\/wp-json\/wp\/v2\/posts\/2315\/revisions"}],"predecessor-version":[{"id":2319,"href":"http:\/\/www.karate-sochaczew.pl\/index.php\/wp-json\/wp\/v2\/posts\/2315\/revisions\/2319"}],"wp:attachment":[{"href":"http:\/\/www.karate-sochaczew.pl\/index.php\/wp-json\/wp\/v2\/media?parent=2315"}],"wp:term":[{"taxonomy":"category","embeddable":true,"href":"http:\/\/www.karate-sochaczew.pl\/index.php\/wp-json\/wp\/v2\/categories?post=2315"},{"taxonomy":"post_tag","embeddable":true,"href":"http:\/\/www.karate-sochaczew.pl\/index.php\/wp-json\/wp\/v2\/tags?post=2315"}],"curies":[{"name":"wp","href":"https:\/\/api.w.org\/{rel}","templated":true}]}}