{"id":2323,"date":"2022-12-14T23:51:43","date_gmt":"2022-12-14T22:51:43","guid":{"rendered":"http:\/\/www.karate-sochaczew.pl\/?p=2323"},"modified":"2022-12-14T23:51:43","modified_gmt":"2022-12-14T22:51:43","slug":"gwiazdkowy-turniej-karate-18-grudnia-2022-ul-chopina-101-sochaczew-hala-mosir","status":"publish","type":"post","link":"http:\/\/www.karate-sochaczew.pl\/index.php\/2022\/12\/14\/gwiazdkowy-turniej-karate-18-grudnia-2022-ul-chopina-101-sochaczew-hala-mosir\/","title":{"rendered":"GWIAZDKOWY  TURNIEJ   KARATE  &#8211; 18 grudnia 2022 ul. Chopina 101 Sochaczew \/ Hala MOSiR\/"},"content":{"rendered":"<p>&nbsp;<\/p>\n<p><strong><img decoding=\"async\" loading=\"lazy\" class=\"size-full wp-image-2325 aligncenter\" src=\"http:\/\/www.karate-sochaczew.pl\/wp-content\/uploads\/2022\/12\/Mikolajki_fb.jpg\" alt=\"Mikolajki_fb\" width=\"1200\" height=\"210\" srcset=\"http:\/\/www.karate-sochaczew.pl\/wp-content\/uploads\/2022\/12\/Mikolajki_fb.jpg 1200w, http:\/\/www.karate-sochaczew.pl\/wp-content\/uploads\/2022\/12\/Mikolajki_fb-300x53.jpg 300w, http:\/\/www.karate-sochaczew.pl\/wp-content\/uploads\/2022\/12\/Mikolajki_fb-768x134.jpg 768w, http:\/\/www.karate-sochaczew.pl\/wp-content\/uploads\/2022\/12\/Mikolajki_fb-1024x179.jpg 1024w\" sizes=\"(max-width: 1200px) 100vw, 1200px\" \/><\/strong><\/p>\n<p>&nbsp;<\/p>\n<p><strong>18 grudnia 2022 r. przy ul. Chopina 101 w Sochaczewie \/ Hala MOSiR\/ odb\u0119dzie si\u0119 Gwiazdkowy Turniej Karate Tradycyjnego.\u00a0<\/strong><\/p>\n<p><strong><img decoding=\"async\" src=\"https:\/\/static.xx.fbcdn.net\/images\/emoji.php\/v9\/t9e\/1\/16\/27a1.png\" alt=\"\u27a1\ufe0f\" \/>\u00a0Start ZAWOD\u00d3W &#8211; dla Bia\u0142ych pas\u00f3w i pocz\u0105tkuj\u0105cych o godzinie 10.00<\/strong>. Rozdanie nagr\u00f3d odbywa\u0107 si\u0119 b\u0119dzie na bie\u017c\u0105co.\u00a0 Bia\u0142e pasy walcz\u0105 do godz. 12.00<\/p>\n<p><strong><img decoding=\"async\" src=\"https:\/\/static.xx.fbcdn.net\/images\/emoji.php\/v9\/t9e\/1\/16\/27a1.png\" alt=\"\u27a1\ufe0f\" \/>\u00a0Na godzin\u0119 12.00 zapraszamy wszystkie \u017c\u00f3\u0142te, pomara\u0144czowe, zielone, niebieskie i br\u0105zowe pasy.\u00a0<\/strong><\/p>\n<p><strong><img decoding=\"async\" src=\"https:\/\/static.xx.fbcdn.net\/images\/emoji.php\/v9\/t9e\/1\/16\/27a1.png\" alt=\"\u27a1\ufe0f\" \/><\/strong>Je\u017celi nie wp\u0142acili\u015bcie Pa\u0144stwo startowego \/30 z\u0142.\/ prosimy o uzupe\u0142nienie wp\u0142aty\u00a0 na konto klubu \/ zak\u0142adka kontakt na stronie klubowej \/<\/p>\n<p><img decoding=\"async\" src=\"https:\/\/static.xx.fbcdn.net\/images\/emoji.php\/v9\/t9e\/1\/16\/27a1.png\" alt=\"\u27a1\ufe0f\" \/>\u00a0Na wszystkich startuj\u0105cych czeka\u0107 b\u0119d\u0105 paczuszki \u015awi\u0105teczne , medale i Dyplomy.<\/p>\n<p><img decoding=\"async\" src=\"https:\/\/static.xx.fbcdn.net\/images\/emoji.php\/v9\/t9e\/1\/16\/27a1.png\" alt=\"\u27a1\ufe0f\" \/>\u00a0Dla triumfator\u00f3w danych kategorii medale, puchary i dodatkowe nagrody i upominki.<\/p>\n<p><img decoding=\"async\" src=\"https:\/\/static.xx.fbcdn.net\/images\/emoji.php\/v9\/t9e\/1\/16\/27a1.png\" alt=\"\u27a1\ufe0f\" \/>\u00a0Dla najm\u0142odszych startuj\u0105cych Burmistrza Miasta Sochaczew ufundowa\u0142 Specjalne Puchary.<\/p>\n<p>Nikt nie wyjdzie z zawod\u00f3w z pustymi r\u0119kami \ud83d\ude42<\/p>\n<p><img decoding=\"async\" loading=\"lazy\" class=\"aligncenter size-full wp-image-2324\" src=\"http:\/\/www.karate-sochaczew.pl\/wp-content\/uploads\/2022\/12\/ogolne-wspieranie.png\" alt=\"ogolne wspieranie\" width=\"1080\" height=\"1080\" srcset=\"http:\/\/www.karate-sochaczew.pl\/wp-content\/uploads\/2022\/12\/ogolne-wspieranie.png 1080w, http:\/\/www.karate-sochaczew.pl\/wp-content\/uploads\/2022\/12\/ogolne-wspieranie-150x150.png 150w, http:\/\/www.karate-sochaczew.pl\/wp-content\/uploads\/2022\/12\/ogolne-wspieranie-300x300.png 300w, http:\/\/www.karate-sochaczew.pl\/wp-content\/uploads\/2022\/12\/ogolne-wspieranie-768x768.png 768w, http:\/\/www.karate-sochaczew.pl\/wp-content\/uploads\/2022\/12\/ogolne-wspieranie-1024x1024.png 1024w\" sizes=\"(max-width: 1080px) 100vw, 1080px\" \/><\/p>\n<p>&nbsp;<\/p>\n","protected":false},"excerpt":{"rendered":"<p>&nbsp; &nbsp; 18 grudnia 2022 r. przy ul. Chopina 101 w Sochaczewie \/ Hala MOSiR\/ odb\u0119dzie si\u0119 Gwiazdkowy Turniej Karate Tradycyjnego.\u00a0 \u00a0Start ZAWOD\u00d3W &#8211; dla Bia\u0142ych pas\u00f3w i pocz\u0105tkuj\u0105cych o godzinie 10.00. Rozdanie nagr\u00f3d odbywa\u0107 si\u0119 b\u0119dzie na bie\u017c\u0105co.\u00a0 Bia\u0142e pasy walcz\u0105 do godz. 12.00 \u00a0Na godzin\u0119 12.00 zapraszamy wszystkie \u017c\u00f3\u0142te, pomara\u0144czowe, zielone, niebieskie i br\u0105zowe pasy.\u00a0 Je\u017celi nie wp\u0142acili\u015bcie<\/p>\n","protected":false},"author":1,"featured_media":0,"comment_status":"closed","ping_status":"closed","sticky":false,"template":"","format":"standard","meta":[],"categories":[1],"tags":[],"_links":{"self":[{"href":"http:\/\/www.karate-sochaczew.pl\/index.php\/wp-json\/wp\/v2\/posts\/2323"}],"collection":[{"href":"http:\/\/www.karate-sochaczew.pl\/index.php\/wp-json\/wp\/v2\/posts"}],"about":[{"href":"http:\/\/www.karate-sochaczew.pl\/index.php\/wp-json\/wp\/v2\/types\/post"}],"author":[{"embeddable":true,"href":"http:\/\/www.karate-sochaczew.pl\/index.php\/wp-json\/wp\/v2\/users\/1"}],"replies":[{"embeddable":true,"href":"http:\/\/www.karate-sochaczew.pl\/index.php\/wp-json\/wp\/v2\/comments?post=2323"}],"version-history":[{"count":1,"href":"http:\/\/www.karate-sochaczew.pl\/index.php\/wp-json\/wp\/v2\/posts\/2323\/revisions"}],"predecessor-version":[{"id":2326,"href":"http:\/\/www.karate-sochaczew.pl\/index.php\/wp-json\/wp\/v2\/posts\/2323\/revisions\/2326"}],"wp:attachment":[{"href":"http:\/\/www.karate-sochaczew.pl\/index.php\/wp-json\/wp\/v2\/media?parent=2323"}],"wp:term":[{"taxonomy":"category","embeddable":true,"href":"http:\/\/www.karate-sochaczew.pl\/index.php\/wp-json\/wp\/v2\/categories?post=2323"},{"taxonomy":"post_tag","embeddable":true,"href":"http:\/\/www.karate-sochaczew.pl\/index.php\/wp-json\/wp\/v2\/tags?post=2323"}],"curies":[{"name":"wp","href":"https:\/\/api.w.org\/{rel}","templated":true}]}}