{"id":2327,"date":"2022-12-19T09:29:54","date_gmt":"2022-12-19T08:29:54","guid":{"rendered":"http:\/\/www.karate-sochaczew.pl\/?p=2327"},"modified":"2022-12-19T13:54:19","modified_gmt":"2022-12-19T12:54:19","slug":"s-p-brochow-odwolane-zajecia","status":"publish","type":"post","link":"http:\/\/www.karate-sochaczew.pl\/index.php\/2022\/12\/19\/s-p-brochow-odwolane-zajecia\/","title":{"rendered":"S.P. Broch\u00f3w &#8211; odwo\u0142ane zaj\u0119cia"},"content":{"rendered":"<p>W zwi\u0105zku z awari\u0105 ogrzewania na sali, zaj\u0119cia w S.P. Broch\u00f3w s\u0105 odwo\u0142ane do ko\u0144ca tygodnia \/ grafik na okres miedzy \u015awi\u0119tami zamie\u015bcimy do \u015arody \/<\/p>\n<p>Zapraszamy w miar\u0119 Waszych mo\u017cliwo\u015bci na treningi do innych grup, zaj\u0119cia prowadzi tam r\u00f3wnie\u017c sensei \u0141ukasz \ud83d\ude42<\/p>\n<p><strong>Wtorki i Czwartki<\/strong><\/p>\n<p>Pocz\u0105tkuj\u0105cy &#8211; Bia\u0142e &#8211;\u00a0 \u017b\u00f3\u0142te &#8211;\u00a0 Pomara\u0144czowe pasy<\/p>\n<p>16.00 &#8211; S.P. nr 1 Sochaczew<\/p>\n<p>17.15 &#8211; S.P. nr 6 Sochaczew<\/p>\n<p>18.30 &#8211; S.P. nr 2 Sochaczew<\/p>\n<p>Zielone i niebieskie Pasy wtorki i Czwartki S.P. nr 2 godz 19.20<\/p>\n<p>Br\u0105zowe Pasy ale te\u017c i niebieskie &#8211; \u015aroda MOSiR Chopina 101 godz 17.20<\/p>\n<p>W razie pyta\u0144 prosz\u0119 dzwoni\u0119 608 661 245<\/p>\n<p><img decoding=\"async\" loading=\"lazy\" class=\"aligncenter size-full wp-image-1925\" src=\"http:\/\/www.karate-sochaczew.pl\/wp-content\/uploads\/2022\/01\/info.jpg\" alt=\"info\" width=\"960\" height=\"504\" srcset=\"http:\/\/www.karate-sochaczew.pl\/wp-content\/uploads\/2022\/01\/info.jpg 960w, http:\/\/www.karate-sochaczew.pl\/wp-content\/uploads\/2022\/01\/info-300x158.jpg 300w, http:\/\/www.karate-sochaczew.pl\/wp-content\/uploads\/2022\/01\/info-768x403.jpg 768w\" sizes=\"(max-width: 960px) 100vw, 960px\" \/><\/p>\n","protected":false},"excerpt":{"rendered":"<p>W zwi\u0105zku z awari\u0105 ogrzewania na sali, zaj\u0119cia w S.P. Broch\u00f3w s\u0105 odwo\u0142ane do ko\u0144ca tygodnia \/ grafik na okres miedzy \u015awi\u0119tami zamie\u015bcimy do \u015arody \/ Zapraszamy w miar\u0119 Waszych mo\u017cliwo\u015bci na treningi do innych grup, zaj\u0119cia prowadzi tam r\u00f3wnie\u017c sensei \u0141ukasz \ud83d\ude42 Wtorki i Czwartki Pocz\u0105tkuj\u0105cy &#8211; Bia\u0142e &#8211;\u00a0 \u017b\u00f3\u0142te &#8211;\u00a0 Pomara\u0144czowe pasy 16.00 &#8211; S.P. nr 1 Sochaczew<\/p>\n","protected":false},"author":1,"featured_media":0,"comment_status":"closed","ping_status":"closed","sticky":false,"template":"","format":"standard","meta":[],"categories":[1],"tags":[],"_links":{"self":[{"href":"http:\/\/www.karate-sochaczew.pl\/index.php\/wp-json\/wp\/v2\/posts\/2327"}],"collection":[{"href":"http:\/\/www.karate-sochaczew.pl\/index.php\/wp-json\/wp\/v2\/posts"}],"about":[{"href":"http:\/\/www.karate-sochaczew.pl\/index.php\/wp-json\/wp\/v2\/types\/post"}],"author":[{"embeddable":true,"href":"http:\/\/www.karate-sochaczew.pl\/index.php\/wp-json\/wp\/v2\/users\/1"}],"replies":[{"embeddable":true,"href":"http:\/\/www.karate-sochaczew.pl\/index.php\/wp-json\/wp\/v2\/comments?post=2327"}],"version-history":[{"count":2,"href":"http:\/\/www.karate-sochaczew.pl\/index.php\/wp-json\/wp\/v2\/posts\/2327\/revisions"}],"predecessor-version":[{"id":2329,"href":"http:\/\/www.karate-sochaczew.pl\/index.php\/wp-json\/wp\/v2\/posts\/2327\/revisions\/2329"}],"wp:attachment":[{"href":"http:\/\/www.karate-sochaczew.pl\/index.php\/wp-json\/wp\/v2\/media?parent=2327"}],"wp:term":[{"taxonomy":"category","embeddable":true,"href":"http:\/\/www.karate-sochaczew.pl\/index.php\/wp-json\/wp\/v2\/categories?post=2327"},{"taxonomy":"post_tag","embeddable":true,"href":"http:\/\/www.karate-sochaczew.pl\/index.php\/wp-json\/wp\/v2\/tags?post=2327"}],"curies":[{"name":"wp","href":"https:\/\/api.w.org\/{rel}","templated":true}]}}