{"id":2332,"date":"2022-12-20T17:19:20","date_gmt":"2022-12-20T16:19:20","guid":{"rendered":"http:\/\/www.karate-sochaczew.pl\/?p=2332"},"modified":"2023-01-26T11:50:03","modified_gmt":"2023-01-26T10:50:03","slug":"ruszaja-zapisy-na-zimowe-polkolonie-z-karate","status":"publish","type":"post","link":"http:\/\/www.karate-sochaczew.pl\/index.php\/2022\/12\/20\/ruszaja-zapisy-na-zimowe-polkolonie-z-karate\/","title":{"rendered":"Zwolni\u0142y si\u0119 2 miejsca na P\u00f3\u0142kolonie z Karate 2023"},"content":{"rendered":"<p>ZAPRASZAMY na P\u00f3\u0142kolonie z Karate Klub Sochaczew<\/p>\n<p>aktualizacja 26 stycznia 2023<\/p>\n<p>ZWOLNI\u0141Y nam si\u0119 2 miejsca &#8211; osoby zainteresowane proszone s\u0105 o konkat pod nr tel 608661245<\/p>\n<p>Termin 13 lutego do 17 lutego 2023<\/p>\n<p><strong>Dy\u017cur p\u00f3\u0142kolonii od godz. 8.00 do 16.30<\/strong><\/p>\n<ul>\n<li>codziennie treningi karate<\/li>\n<li>warsztaty i pokaz Iluzji<\/li>\n<li>wyjazd na park trampolin<\/li>\n<li>wyjazd do kina<\/li>\n<li>wyj\u015bcie do PIZZERII<\/li>\n<li>wyj\u015bcie na basen\/lodowisko<\/li>\n<li>gry i zabawy ruchowe<\/li>\n<li>konkurs plastyczny<\/li>\n<li>codziennie obiad dwudaniowy<\/li>\n<li>upominki i dyplomy na zako\u0144czenie<\/li>\n<\/ul>\n<p>&nbsp;<\/p>\n<p><img decoding=\"async\" loading=\"lazy\" class=\"size-full wp-image-2333\" src=\"http:\/\/www.karate-sochaczew.pl\/wp-content\/uploads\/2022\/12\/ulotka-1.png\" alt=\"ulotka 1\" width=\"1414\" height=\"2000\" srcset=\"http:\/\/www.karate-sochaczew.pl\/wp-content\/uploads\/2022\/12\/ulotka-1.png 1414w, http:\/\/www.karate-sochaczew.pl\/wp-content\/uploads\/2022\/12\/ulotka-1-212x300.png 212w, http:\/\/www.karate-sochaczew.pl\/wp-content\/uploads\/2022\/12\/ulotka-1-768x1086.png 768w, http:\/\/www.karate-sochaczew.pl\/wp-content\/uploads\/2022\/12\/ulotka-1-724x1024.png 724w\" sizes=\"(max-width: 1414px) 100vw, 1414px\" \/><\/p>\n","protected":false},"excerpt":{"rendered":"<p>ZAPRASZAMY na P\u00f3\u0142kolonie z Karate Klub Sochaczew aktualizacja 26 stycznia 2023 ZWOLNI\u0141Y nam si\u0119 2 miejsca &#8211; osoby zainteresowane proszone s\u0105 o konkat pod nr tel 608661245 Termin 13 lutego do 17 lutego 2023 Dy\u017cur p\u00f3\u0142kolonii od godz. 8.00 do 16.30 codziennie treningi karate warsztaty i pokaz Iluzji wyjazd na park trampolin wyjazd do kina wyj\u015bcie do PIZZERII wyj\u015bcie na<\/p>\n","protected":false},"author":1,"featured_media":0,"comment_status":"closed","ping_status":"closed","sticky":false,"template":"","format":"standard","meta":[],"categories":[18],"tags":[],"_links":{"self":[{"href":"http:\/\/www.karate-sochaczew.pl\/index.php\/wp-json\/wp\/v2\/posts\/2332"}],"collection":[{"href":"http:\/\/www.karate-sochaczew.pl\/index.php\/wp-json\/wp\/v2\/posts"}],"about":[{"href":"http:\/\/www.karate-sochaczew.pl\/index.php\/wp-json\/wp\/v2\/types\/post"}],"author":[{"embeddable":true,"href":"http:\/\/www.karate-sochaczew.pl\/index.php\/wp-json\/wp\/v2\/users\/1"}],"replies":[{"embeddable":true,"href":"http:\/\/www.karate-sochaczew.pl\/index.php\/wp-json\/wp\/v2\/comments?post=2332"}],"version-history":[{"count":7,"href":"http:\/\/www.karate-sochaczew.pl\/index.php\/wp-json\/wp\/v2\/posts\/2332\/revisions"}],"predecessor-version":[{"id":2371,"href":"http:\/\/www.karate-sochaczew.pl\/index.php\/wp-json\/wp\/v2\/posts\/2332\/revisions\/2371"}],"wp:attachment":[{"href":"http:\/\/www.karate-sochaczew.pl\/index.php\/wp-json\/wp\/v2\/media?parent=2332"}],"wp:term":[{"taxonomy":"category","embeddable":true,"href":"http:\/\/www.karate-sochaczew.pl\/index.php\/wp-json\/wp\/v2\/categories?post=2332"},{"taxonomy":"post_tag","embeddable":true,"href":"http:\/\/www.karate-sochaczew.pl\/index.php\/wp-json\/wp\/v2\/tags?post=2332"}],"curies":[{"name":"wp","href":"https:\/\/api.w.org\/{rel}","templated":true}]}}