{"id":2339,"date":"2022-12-22T08:41:31","date_gmt":"2022-12-22T07:41:31","guid":{"rendered":"http:\/\/www.karate-sochaczew.pl\/?p=2339"},"modified":"2022-12-22T14:25:34","modified_gmt":"2022-12-22T13:25:34","slug":"karate-info-na-swieta-i-nie-tylko","status":"publish","type":"post","link":"http:\/\/www.karate-sochaczew.pl\/index.php\/2022\/12\/22\/karate-info-na-swieta-i-nie-tylko\/","title":{"rendered":"KARATE &#8211; INFO &#8211; Na \u015awi\u0119ta i nie tylko &#8230;"},"content":{"rendered":"<p><strong>Drodzy Klubowicze poni\u017cej znajdziecie, info na temat:<\/strong><\/p>\n<p><strong><img decoding=\"async\" src=\"https:\/\/static.xx.fbcdn.net\/images\/emoji.php\/v9\/t33\/1\/16\/2705.png\" alt=\"\u2705\ufe0f\" \/>\u00a0TRENING\u00d3W w okresie \u015awi\u0105teczno &#8211; Noworocznym\u00a0<\/strong><\/p>\n<p><strong><img decoding=\"async\" src=\"https:\/\/static.xx.fbcdn.net\/images\/emoji.php\/v9\/t33\/1\/16\/2705.png\" alt=\"\u2705\ufe0f\" \/>\u00a0Info dotycz\u0105ce rzeczy znalezionych po zawodach \/ mo\u017ce to Wasze :)? \/<\/strong><\/p>\n<p><strong><img decoding=\"async\" src=\"https:\/\/static.xx.fbcdn.net\/images\/emoji.php\/v9\/t33\/1\/16\/2705.png\" alt=\"\u2705\ufe0f\" \/>\u00a0Znajdziecie oczywi\u015bcie \u017cyczenia \u015awi\u0105teczne, i od nich zaczynamy. Oss\u00a0<\/strong><\/p>\n<p>&nbsp;<\/p>\n<p><img decoding=\"async\" loading=\"lazy\" class=\"aligncenter size-full wp-image-2348\" src=\"http:\/\/www.karate-sochaczew.pl\/wp-content\/uploads\/2022\/12\/\u017cyczenia-2022.png\" alt=\"\u017cyczenia 2022\" width=\"1080\" height=\"1080\" srcset=\"http:\/\/www.karate-sochaczew.pl\/wp-content\/uploads\/2022\/12\/\u017cyczenia-2022.png 1080w, http:\/\/www.karate-sochaczew.pl\/wp-content\/uploads\/2022\/12\/\u017cyczenia-2022-150x150.png 150w, http:\/\/www.karate-sochaczew.pl\/wp-content\/uploads\/2022\/12\/\u017cyczenia-2022-300x300.png 300w, http:\/\/www.karate-sochaczew.pl\/wp-content\/uploads\/2022\/12\/\u017cyczenia-2022-768x768.png 768w, http:\/\/www.karate-sochaczew.pl\/wp-content\/uploads\/2022\/12\/\u017cyczenia-2022-1024x1024.png 1024w\" sizes=\"(max-width: 1080px) 100vw, 1080px\" \/><\/p>\n<p><img decoding=\"async\" loading=\"lazy\" class=\"aligncenter size-full wp-image-2340\" src=\"http:\/\/www.karate-sochaczew.pl\/wp-content\/uploads\/2022\/12\/Plan-Zajeci-Swieta-Karate.png\" alt=\"Plan Zajeci Swieta Karate\" width=\"1080\" height=\"913\" srcset=\"http:\/\/www.karate-sochaczew.pl\/wp-content\/uploads\/2022\/12\/Plan-Zajeci-Swieta-Karate.png 1080w, http:\/\/www.karate-sochaczew.pl\/wp-content\/uploads\/2022\/12\/Plan-Zajeci-Swieta-Karate-300x254.png 300w, http:\/\/www.karate-sochaczew.pl\/wp-content\/uploads\/2022\/12\/Plan-Zajeci-Swieta-Karate-768x649.png 768w, http:\/\/www.karate-sochaczew.pl\/wp-content\/uploads\/2022\/12\/Plan-Zajeci-Swieta-Karate-1024x866.png 1024w\" sizes=\"(max-width: 1080px) 100vw, 1080px\" \/><\/p>\n<p>&nbsp;<\/p>\n<p><strong>RZECZY znalezione szukaj\u0105 w\u0142a\u015bciciela\u00a0 \u00a0 \u00a0\u00a0RZECZY znalezione szukaj\u0105 w\u0142a\u015bciciela\u00a0 \u00a0 \u00a0RZECZY znalezione szukaj\u0105 w\u0142a\u015bciciela\u00a0 \u00a0\u00a0RZECZY znalezione szukaj\u0105 w\u0142a\u015bciciela<\/strong><\/p>\n<p><strong>RZECZY znalezione szukaj\u0105 w\u0142a\u015bciciela\u00a0 \u00a0 \u00a0\u00a0RZECZY znalezione szukaj\u0105 w\u0142a\u015bciciela\u00a0 \u00a0RZECZY znalezione szukaj\u0105 w\u0142a\u015bciciela\u00a0 \u00a0RZECZY znalezione szukaj\u0105 w\u0142a\u015bciciela<\/strong><\/p>\n<p>&nbsp;<\/p>\n<p><img decoding=\"async\" loading=\"lazy\" class=\"aligncenter size-full wp-image-2347\" src=\"http:\/\/www.karate-sochaczew.pl\/wp-content\/uploads\/2022\/12\/rzeczy-znalezione.png\" alt=\"rzeczy znalezione\" width=\"1200\" height=\"630\" srcset=\"http:\/\/www.karate-sochaczew.pl\/wp-content\/uploads\/2022\/12\/rzeczy-znalezione.png 1200w, http:\/\/www.karate-sochaczew.pl\/wp-content\/uploads\/2022\/12\/rzeczy-znalezione-300x158.png 300w, http:\/\/www.karate-sochaczew.pl\/wp-content\/uploads\/2022\/12\/rzeczy-znalezione-768x403.png 768w, http:\/\/www.karate-sochaczew.pl\/wp-content\/uploads\/2022\/12\/rzeczy-znalezione-1024x538.png 1024w\" sizes=\"(max-width: 1200px) 100vw, 1200px\" \/><\/p>\n<p>&nbsp;<\/p>\n<p>&nbsp;<\/p>\n","protected":false},"excerpt":{"rendered":"<p>Drodzy Klubowicze poni\u017cej znajdziecie, info na temat: \u00a0TRENING\u00d3W w okresie \u015awi\u0105teczno &#8211; Noworocznym\u00a0 \u00a0Info dotycz\u0105ce rzeczy znalezionych po zawodach \/ mo\u017ce to Wasze :)? \/ \u00a0Znajdziecie oczywi\u015bcie \u017cyczenia \u015awi\u0105teczne, i od nich zaczynamy. Oss\u00a0 &nbsp; &nbsp; RZECZY znalezione szukaj\u0105 w\u0142a\u015bciciela\u00a0 \u00a0 \u00a0\u00a0RZECZY znalezione szukaj\u0105 w\u0142a\u015bciciela\u00a0 \u00a0 \u00a0RZECZY znalezione szukaj\u0105 w\u0142a\u015bciciela\u00a0 \u00a0\u00a0RZECZY znalezione szukaj\u0105 w\u0142a\u015bciciela RZECZY znalezione szukaj\u0105 w\u0142a\u015bciciela\u00a0 \u00a0 \u00a0\u00a0RZECZY<\/p>\n","protected":false},"author":1,"featured_media":0,"comment_status":"closed","ping_status":"closed","sticky":false,"template":"","format":"standard","meta":[],"categories":[1],"tags":[],"_links":{"self":[{"href":"http:\/\/www.karate-sochaczew.pl\/index.php\/wp-json\/wp\/v2\/posts\/2339"}],"collection":[{"href":"http:\/\/www.karate-sochaczew.pl\/index.php\/wp-json\/wp\/v2\/posts"}],"about":[{"href":"http:\/\/www.karate-sochaczew.pl\/index.php\/wp-json\/wp\/v2\/types\/post"}],"author":[{"embeddable":true,"href":"http:\/\/www.karate-sochaczew.pl\/index.php\/wp-json\/wp\/v2\/users\/1"}],"replies":[{"embeddable":true,"href":"http:\/\/www.karate-sochaczew.pl\/index.php\/wp-json\/wp\/v2\/comments?post=2339"}],"version-history":[{"count":4,"href":"http:\/\/www.karate-sochaczew.pl\/index.php\/wp-json\/wp\/v2\/posts\/2339\/revisions"}],"predecessor-version":[{"id":2449,"href":"http:\/\/www.karate-sochaczew.pl\/index.php\/wp-json\/wp\/v2\/posts\/2339\/revisions\/2449"}],"wp:attachment":[{"href":"http:\/\/www.karate-sochaczew.pl\/index.php\/wp-json\/wp\/v2\/media?parent=2339"}],"wp:term":[{"taxonomy":"category","embeddable":true,"href":"http:\/\/www.karate-sochaczew.pl\/index.php\/wp-json\/wp\/v2\/categories?post=2339"},{"taxonomy":"post_tag","embeddable":true,"href":"http:\/\/www.karate-sochaczew.pl\/index.php\/wp-json\/wp\/v2\/tags?post=2339"}],"curies":[{"name":"wp","href":"https:\/\/api.w.org\/{rel}","templated":true}]}}