{"id":2359,"date":"2023-01-03T21:50:41","date_gmt":"2023-01-03T20:50:41","guid":{"rendered":"http:\/\/www.karate-sochaczew.pl\/?p=2359"},"modified":"2023-01-27T12:50:53","modified_gmt":"2023-01-27T11:50:53","slug":"miedzynarodowe-seminarium-karate-vinicio-antony","status":"publish","type":"post","link":"http:\/\/www.karate-sochaczew.pl\/index.php\/2023\/01\/03\/miedzynarodowe-seminarium-karate-vinicio-antony\/","title":{"rendered":"Mi\u0119dzynarodowe Seminarium Karate &#8211; Vinicio Antony"},"content":{"rendered":"<div class=\"x11i5rnm xat24cr x1mh8g0r x1vvkbs xdj266r x126k92a\">\n<div dir=\"auto\">\n<div class=\"x11i5rnm xat24cr x1mh8g0r x1vvkbs xdj266r x126k92a\">\n<div dir=\"auto\"><span class=\"x3nfvp2 x1j61x8r x1fcty0u xdj266r xhhsvwb xat24cr xgzva0m xxymvpz xlup9mm x1kky2od\"><img decoding=\"async\" loading=\"lazy\" src=\"https:\/\/static.xx.fbcdn.net\/images\/emoji.php\/v9\/t77\/1\/16\/203c.png\" alt=\"\u203c\ufe0f\" width=\"16\" height=\"16\" \/><\/span> <span class=\"x3nfvp2 x1j61x8r x1fcty0u xdj266r xhhsvwb xat24cr xgzva0m xxymvpz xlup9mm x1kky2od\"><img decoding=\"async\" loading=\"lazy\" src=\"https:\/\/static.xx.fbcdn.net\/images\/emoji.php\/v9\/t77\/1\/16\/203c.png\" alt=\"\u203c\ufe0f\" width=\"16\" height=\"16\" \/><\/span>\u00a0<strong>Szkolenie z Sensei Vinivio Antony<\/strong><span class=\"x3nfvp2 x1j61x8r x1fcty0u xdj266r xhhsvwb xat24cr xgzva0m xxymvpz xlup9mm x1kky2od\"><img decoding=\"async\" loading=\"lazy\" src=\"https:\/\/static.xx.fbcdn.net\/images\/emoji.php\/v9\/t77\/1\/16\/203c.png\" alt=\"\u203c\ufe0f\" width=\"16\" height=\"16\" \/><\/span> <span class=\"x3nfvp2 x1j61x8r x1fcty0u xdj266r xhhsvwb xat24cr xgzva0m xxymvpz xlup9mm x1kky2od\"><img decoding=\"async\" loading=\"lazy\" src=\"https:\/\/static.xx.fbcdn.net\/images\/emoji.php\/v9\/t77\/1\/16\/203c.png\" alt=\"\u203c\ufe0f\" width=\"16\" height=\"16\" \/><\/span><\/div>\n<div dir=\"auto\"><img decoding=\"async\" loading=\"lazy\" src=\"https:\/\/static.xx.fbcdn.net\/images\/emoji.php\/v9\/t51\/1\/16\/1f449.png\" alt=\"?\" width=\"16\" height=\"16\" \/>\u00a0Cz\u0142onkowie naszego Klubu otrzymaj\u0105 <strong>dofinansowanie<\/strong> w wysoko\u015bci 100 z\u0142 \/ Zatem szkolenie dla naszych Zawodnik\u00f3w wyniesie 200 z\u0142 nie 300 z\u0142. \/<\/div>\n<div dir=\"auto\">\n<div class=\"x11i5rnm xat24cr x1mh8g0r x1vvkbs xdj266r x126k92a\">\n<div dir=\"auto\"><span class=\"x3nfvp2 x1j61x8r x1fcty0u xdj266r xhhsvwb xat24cr xgzva0m xxymvpz xlup9mm x1kky2od\"><img decoding=\"async\" loading=\"lazy\" src=\"https:\/\/static.xx.fbcdn.net\/images\/emoji.php\/v9\/t51\/1\/16\/1f449.png\" alt=\"?\" width=\"16\" height=\"16\" \/><\/span>\u00a0Zapisy poprzez link<\/div>\n<\/div>\n<div class=\"x11i5rnm xat24cr x1mh8g0r x1vvkbs xtlvy1s x126k92a\">\n<div dir=\"auto\"><a class=\"x1i10hfl xjbqb8w x6umtig x1b1mbwd xaqea5y xav7gou x9f619 x1ypdohk xt0psk2 xe8uvvx xdj266r x11i5rnm xat24cr x1mh8g0r xexx8yu x4uap5 x18d9i69 xkhd6sd x16tdsg8 x1hl2dhg xggy1nq x1a2a7pz xt0b8zv x1fey0fg\" tabindex=\"0\" href=\"https:\/\/forms.gle\/9XAzBbRrNfwnKPAMA?fbclid=IwAR22wNTpnCddHeE33PFgX_msdSSOOOlMCbxVsnDvWV-RJb6lCX8g0cBASSo\" target=\"_blank\" rel=\"nofollow noopener\">https:\/\/forms.gle\/9XAzBbRrNfwnKPAMA<\/a><\/div>\n<div dir=\"auto\">\n<div class=\"x11i5rnm xat24cr x1mh8g0r x1vvkbs xdj266r x126k92a\">\n<div dir=\"auto\"><span class=\"x3nfvp2 x1j61x8r x1fcty0u xdj266r xhhsvwb xat24cr xgzva0m xxymvpz xlup9mm x1kky2od\"><img decoding=\"async\" loading=\"lazy\" src=\"https:\/\/static.xx.fbcdn.net\/images\/emoji.php\/v9\/t51\/1\/16\/1f449.png\" alt=\"?\" width=\"16\" height=\"16\" \/><\/span>\u00a0Wp\u0142aty u instruktora lub na konto klubu<\/div>\n<\/div>\n<\/div>\n<\/div>\n<\/div>\n<\/div>\n<\/div>\n<div dir=\"auto\"><\/div>\n<div dir=\"auto\">Pocz\u0105tek roku i od razu SUPER INFO dla karatek\u00f3w z naszej cz\u0119\u015bci Europy, Polski a przede wszystkim z Sochaczewa<span class=\"x3nfvp2 x1j61x8r x1fcty0u xdj266r xhhsvwb xat24cr xgzva0m xxymvpz xlup9mm x1kky2od\"><img decoding=\"async\" loading=\"lazy\" src=\"https:\/\/static.xx.fbcdn.net\/images\/emoji.php\/v9\/t6c\/1\/16\/1f4aa.png\" alt=\"?\" width=\"16\" height=\"16\" \/><\/span><span class=\"x3nfvp2 x1j61x8r x1fcty0u xdj266r xhhsvwb xat24cr xgzva0m xxymvpz xlup9mm x1kky2od\"><img decoding=\"async\" loading=\"lazy\" src=\"https:\/\/static.xx.fbcdn.net\/images\/emoji.php\/v9\/t3f\/1\/16\/1f94b.png\" alt=\"?\" width=\"16\" height=\"16\" \/><\/span>. W ramach serii seminari\u00f3w, kt\u00f3re odb\u0119d\u0105 si\u0119 na naszym kontynencie na prze\u0142omie lutego i marca, sensei Vinicio Antony zawita w\u0142a\u015bnie do naszego miasta<span class=\"x3nfvp2 x1j61x8r x1fcty0u xdj266r xhhsvwb xat24cr xgzva0m xxymvpz xlup9mm x1kky2od\"><img decoding=\"async\" loading=\"lazy\" src=\"https:\/\/static.xx.fbcdn.net\/images\/emoji.php\/v9\/tfc\/1\/16\/1f44d.png\" alt=\"?\" width=\"16\" height=\"16\" \/><\/span><span class=\"x3nfvp2 x1j61x8r x1fcty0u xdj266r xhhsvwb xat24cr xgzva0m xxymvpz xlup9mm x1kky2od\"><img decoding=\"async\" loading=\"lazy\" src=\"https:\/\/static.xx.fbcdn.net\/images\/emoji.php\/v9\/t4f\/1\/16\/1f601.png\" alt=\"?\" width=\"16\" height=\"16\" \/><\/span>. Sensei Vinicio Antony to uznany instruktor 7 dan Karate oraz 4 dan w Brazylijskim Jiu Jitsu. Trener zawodnik\u00f3w mma, kt\u00f3rzy zdobywali pasy mistzrowskie w UFC &#8211; Lyoto Machida i Vitor Belfort.<\/div>\n<div dir=\"auto\"><span class=\"x3nfvp2 x1j61x8r x1fcty0u xdj266r xhhsvwb xat24cr xgzva0m xxymvpz xlup9mm x1kky2od\"><img decoding=\"async\" loading=\"lazy\" src=\"https:\/\/static.xx.fbcdn.net\/images\/emoji.php\/v9\/t9e\/1\/16\/27a1.png\" alt=\"\u27a1\ufe0f\" width=\"16\" height=\"16\" \/><\/span> Ju\u017c dzisiaj zapraszamy cz\u0142onk\u00f3w naszego klubu do wzi\u0119cia udzia\u0142u w szkoleniu na najwy\u017cszym poziomie. Szkoleniu, kt\u00f3re pozwoli spojrze\u0107 w troch\u0119 inny spos\u00f3b na karate<span class=\"x3nfvp2 x1j61x8r x1fcty0u xdj266r xhhsvwb xat24cr xgzva0m xxymvpz xlup9mm x1kky2od\"><img decoding=\"async\" loading=\"lazy\" src=\"https:\/\/static.xx.fbcdn.net\/images\/emoji.php\/v9\/t3f\/1\/16\/1f94b.png\" alt=\"?\" width=\"16\" height=\"16\" \/><\/span><span class=\"x3nfvp2 x1j61x8r x1fcty0u xdj266r xhhsvwb xat24cr xgzva0m xxymvpz xlup9mm x1kky2od\"><img decoding=\"async\" loading=\"lazy\" src=\"https:\/\/static.xx.fbcdn.net\/images\/emoji.php\/v9\/t6c\/1\/16\/1f4aa.png\" alt=\"?\" width=\"16\" height=\"16\" \/><\/span>.<\/div>\n<\/div>\n<div class=\"x11i5rnm xat24cr x1mh8g0r x1vvkbs xtlvy1s x126k92a\">\n<div dir=\"auto\"><a class=\"x1i10hfl xjbqb8w x6umtig x1b1mbwd xaqea5y xav7gou x9f619 x1ypdohk xt0psk2 xe8uvvx xdj266r x11i5rnm xat24cr x1mh8g0r xexx8yu x4uap5 x18d9i69 xkhd6sd x16tdsg8 x1hl2dhg xggy1nq x1a2a7pz xt0b8zv x1qq9wsj xo1l8bm\" tabindex=\"0\" href=\"https:\/\/www.facebook.com\/events\/1262743464453724\/?__cft__[0]=AZUhn4a1uYSbUEb-M3qblnqNddPsymlwZzSgvwXv1Kb7Hi_TcrN0DD6uA8XKzvyt8Mye8YhQFPy9MwEa8yHpd4ANAb6hhDha57XBDNluE5FykEjmd-5EyZkj3_7LoaOLbAW96Kte2cRECNZGjHIexJh1obEiWk8x4TX7wOQQpZtuNqVas_sHQUuZLeLRrVO8GPsbqi_mLKxZ4Ike1BYBpvL-&amp;__tn__=-UK-R\"><span class=\"xt0psk2\">Mi\u0119dzynarodowe Seminarium Karate &#8211; Vinicio Antony<\/span><\/a><\/div>\n<\/div>\n<div dir=\"auto\"><img decoding=\"async\" loading=\"lazy\" class=\"aligncenter size-full wp-image-2360\" src=\"http:\/\/www.karate-sochaczew.pl\/wp-content\/uploads\/2023\/01\/PLAKAT.png\" alt=\"PLAKAT\" width=\"1414\" height=\"2000\" srcset=\"http:\/\/www.karate-sochaczew.pl\/wp-content\/uploads\/2023\/01\/PLAKAT.png 1414w, http:\/\/www.karate-sochaczew.pl\/wp-content\/uploads\/2023\/01\/PLAKAT-212x300.png 212w, http:\/\/www.karate-sochaczew.pl\/wp-content\/uploads\/2023\/01\/PLAKAT-768x1086.png 768w, http:\/\/www.karate-sochaczew.pl\/wp-content\/uploads\/2023\/01\/PLAKAT-724x1024.png 724w\" sizes=\"(max-width: 1414px) 100vw, 1414px\" \/><\/div>\n","protected":false},"excerpt":{"rendered":"<p>\u00a0Szkolenie z Sensei Vinivio Antony \u00a0Cz\u0142onkowie naszego Klubu otrzymaj\u0105 dofinansowanie w wysoko\u015bci 100 z\u0142 \/ Zatem szkolenie dla naszych Zawodnik\u00f3w wyniesie 200 z\u0142 nie 300 z\u0142. \/ \u00a0Zapisy poprzez link https:\/\/forms.gle\/9XAzBbRrNfwnKPAMA \u00a0Wp\u0142aty u instruktora lub na konto klubu Pocz\u0105tek roku i od razu SUPER INFO dla karatek\u00f3w z naszej cz\u0119\u015bci Europy, Polski a przede wszystkim z Sochaczewa. W ramach serii<\/p>\n","protected":false},"author":1,"featured_media":0,"comment_status":"closed","ping_status":"closed","sticky":false,"template":"","format":"standard","meta":[],"categories":[1],"tags":[],"_links":{"self":[{"href":"http:\/\/www.karate-sochaczew.pl\/index.php\/wp-json\/wp\/v2\/posts\/2359"}],"collection":[{"href":"http:\/\/www.karate-sochaczew.pl\/index.php\/wp-json\/wp\/v2\/posts"}],"about":[{"href":"http:\/\/www.karate-sochaczew.pl\/index.php\/wp-json\/wp\/v2\/types\/post"}],"author":[{"embeddable":true,"href":"http:\/\/www.karate-sochaczew.pl\/index.php\/wp-json\/wp\/v2\/users\/1"}],"replies":[{"embeddable":true,"href":"http:\/\/www.karate-sochaczew.pl\/index.php\/wp-json\/wp\/v2\/comments?post=2359"}],"version-history":[{"count":3,"href":"http:\/\/www.karate-sochaczew.pl\/index.php\/wp-json\/wp\/v2\/posts\/2359\/revisions"}],"predecessor-version":[{"id":2374,"href":"http:\/\/www.karate-sochaczew.pl\/index.php\/wp-json\/wp\/v2\/posts\/2359\/revisions\/2374"}],"wp:attachment":[{"href":"http:\/\/www.karate-sochaczew.pl\/index.php\/wp-json\/wp\/v2\/media?parent=2359"}],"wp:term":[{"taxonomy":"category","embeddable":true,"href":"http:\/\/www.karate-sochaczew.pl\/index.php\/wp-json\/wp\/v2\/categories?post=2359"},{"taxonomy":"post_tag","embeddable":true,"href":"http:\/\/www.karate-sochaczew.pl\/index.php\/wp-json\/wp\/v2\/tags?post=2359"}],"curies":[{"name":"wp","href":"https:\/\/api.w.org\/{rel}","templated":true}]}}