{"id":2376,"date":"2023-01-31T11:06:59","date_gmt":"2023-01-31T10:06:59","guid":{"rendered":"http:\/\/www.karate-sochaczew.pl\/?p=2376"},"modified":"2023-01-31T11:12:46","modified_gmt":"2023-01-31T10:12:46","slug":"chcecie-mocniej-potrenowac-w-ferie-na-obozie-zimowym-mamy-wolne-miejsca","status":"publish","type":"post","link":"http:\/\/www.karate-sochaczew.pl\/index.php\/2023\/01\/31\/chcecie-mocniej-potrenowac-w-ferie-na-obozie-zimowym-mamy-wolne-miejsca\/","title":{"rendered":"Chcecie mocniej potrenowa\u0107 w Ferie na Obozie Zimowym &#8211; Mamy Wolne miejsca"},"content":{"rendered":"<p><strong>UWAGA &#8211; mamy dwa wolne miejsca na zimowy ob\u00f3z treningowy w Wilkasach w II tygodniu ferii<\/strong><\/p>\n<p><img decoding=\"async\" src=\"https:\/\/static.xx.fbcdn.net\/images\/emoji.php\/v9\/t33\/1\/16\/2705.png\" alt=\"\u2705\" \/>\u00a0termin &#8211; 20 lutego do 25 lutego<\/p>\n<p><img decoding=\"async\" src=\"https:\/\/static.xx.fbcdn.net\/images\/emoji.php\/v9\/t33\/1\/16\/2705.png\" alt=\"\u2705\" \/>\u00a0miejsce &#8211; AZS COSA Wilkasy<\/p>\n<p>CENA\u00a0 ZAWIERA m.in.<\/p>\n<p><img decoding=\"async\" src=\"https:\/\/static.xx.fbcdn.net\/images\/emoji.php\/v9\/t33\/1\/16\/2705.png\" alt=\"\u2705\" \/>\u00a0 Transport na trasie Sochaczew\/Wilkasy\/Sochaczew<\/p>\n<p><img decoding=\"async\" src=\"https:\/\/static.xx.fbcdn.net\/images\/emoji.php\/v9\/t33\/1\/16\/2705.png\" alt=\"\u2705\" \/>\u00a0Zakwaterowanie w O\u015brodku AZS COSA Wilkasy<\/p>\n<p><img decoding=\"async\" src=\"https:\/\/static.xx.fbcdn.net\/images\/emoji.php\/v9\/t33\/1\/16\/2705.png\" alt=\"\u2705\" \/>\u00a0Codziennie treningi Karate \/ Treningi wzmacniaj\u0105ce \/ Przygotowanie do egzamin\u00f3w i do zawod\u00f3w<\/p>\n<p><img decoding=\"async\" src=\"https:\/\/static.xx.fbcdn.net\/images\/emoji.php\/v9\/t33\/1\/16\/2705.png\" alt=\"\u2705\" \/>\u00a0Dwie grupy zaawansowania na zaj\u0119ciach<\/p>\n<p><img decoding=\"async\" src=\"https:\/\/static.xx.fbcdn.net\/images\/emoji.php\/v9\/t33\/1\/16\/2705.png\" alt=\"\u2705\" \/>\u00a0Mo\u017cliwo\u015b\u0107 korzystania z basenu \/ jacuzzi \/ sauny<\/p>\n<p><img decoding=\"async\" src=\"https:\/\/static.xx.fbcdn.net\/images\/emoji.php\/v9\/t33\/1\/16\/2705.png\" alt=\"\u2705\" \/>\u00a0Ognisko z pieczeniem kie\u0142basek<\/p>\n<p>OSOBY zainteresowane proszone s\u0105 o kontakt pod nr tel <strong>608 661 245<\/strong><\/p>\n<p>&nbsp;<\/p>\n<p>&nbsp;<\/p>\n<p><img decoding=\"async\" loading=\"lazy\" class=\"aligncenter size-full wp-image-2330\" src=\"http:\/\/www.karate-sochaczew.pl\/wp-content\/uploads\/2022\/11\/bezzz.png\" alt=\"bezzz\" width=\"1414\" height=\"2000\" srcset=\"http:\/\/www.karate-sochaczew.pl\/wp-content\/uploads\/2022\/11\/bezzz.png 1414w, http:\/\/www.karate-sochaczew.pl\/wp-content\/uploads\/2022\/11\/bezzz-212x300.png 212w, http:\/\/www.karate-sochaczew.pl\/wp-content\/uploads\/2022\/11\/bezzz-768x1086.png 768w, http:\/\/www.karate-sochaczew.pl\/wp-content\/uploads\/2022\/11\/bezzz-724x1024.png 724w\" sizes=\"(max-width: 1414px) 100vw, 1414px\" \/><\/p>\n","protected":false},"excerpt":{"rendered":"<p>UWAGA &#8211; mamy dwa wolne miejsca na zimowy ob\u00f3z treningowy w Wilkasach w II tygodniu ferii \u00a0termin &#8211; 20 lutego do 25 lutego \u00a0miejsce &#8211; AZS COSA Wilkasy CENA\u00a0 ZAWIERA m.in. \u00a0 Transport na trasie Sochaczew\/Wilkasy\/Sochaczew \u00a0Zakwaterowanie w O\u015brodku AZS COSA Wilkasy \u00a0Codziennie treningi Karate \/ Treningi wzmacniaj\u0105ce \/ Przygotowanie do egzamin\u00f3w i do zawod\u00f3w \u00a0Dwie grupy zaawansowania na zaj\u0119ciach<\/p>\n","protected":false},"author":1,"featured_media":0,"comment_status":"closed","ping_status":"closed","sticky":false,"template":"","format":"standard","meta":[],"categories":[1,18],"tags":[],"_links":{"self":[{"href":"http:\/\/www.karate-sochaczew.pl\/index.php\/wp-json\/wp\/v2\/posts\/2376"}],"collection":[{"href":"http:\/\/www.karate-sochaczew.pl\/index.php\/wp-json\/wp\/v2\/posts"}],"about":[{"href":"http:\/\/www.karate-sochaczew.pl\/index.php\/wp-json\/wp\/v2\/types\/post"}],"author":[{"embeddable":true,"href":"http:\/\/www.karate-sochaczew.pl\/index.php\/wp-json\/wp\/v2\/users\/1"}],"replies":[{"embeddable":true,"href":"http:\/\/www.karate-sochaczew.pl\/index.php\/wp-json\/wp\/v2\/comments?post=2376"}],"version-history":[{"count":1,"href":"http:\/\/www.karate-sochaczew.pl\/index.php\/wp-json\/wp\/v2\/posts\/2376\/revisions"}],"predecessor-version":[{"id":2377,"href":"http:\/\/www.karate-sochaczew.pl\/index.php\/wp-json\/wp\/v2\/posts\/2376\/revisions\/2377"}],"wp:attachment":[{"href":"http:\/\/www.karate-sochaczew.pl\/index.php\/wp-json\/wp\/v2\/media?parent=2376"}],"wp:term":[{"taxonomy":"category","embeddable":true,"href":"http:\/\/www.karate-sochaczew.pl\/index.php\/wp-json\/wp\/v2\/categories?post=2376"},{"taxonomy":"post_tag","embeddable":true,"href":"http:\/\/www.karate-sochaczew.pl\/index.php\/wp-json\/wp\/v2\/tags?post=2376"}],"curies":[{"name":"wp","href":"https:\/\/api.w.org\/{rel}","templated":true}]}}