{"id":2388,"date":"2023-02-06T14:40:17","date_gmt":"2023-02-06T13:40:17","guid":{"rendered":"http:\/\/www.karate-sochaczew.pl\/?p=2388"},"modified":"2023-02-06T14:40:17","modified_gmt":"2023-02-06T13:40:17","slug":"egzaminy-karate-12-marca-2023-sochaczew","status":"publish","type":"post","link":"http:\/\/www.karate-sochaczew.pl\/index.php\/2023\/02\/06\/egzaminy-karate-12-marca-2023-sochaczew\/","title":{"rendered":"Egzaminy Karate 12 marca 2023 &#8211; Sochaczew"},"content":{"rendered":"<p><img decoding=\"async\" loading=\"lazy\" class=\"size-full wp-image-1510 alignright\" src=\"http:\/\/www.karate-sochaczew.pl\/wp-content\/uploads\/2021\/01\/IMG_9894-1030x655.jpg\" alt=\"IMG_9894-1030x655\" width=\"1030\" height=\"555\" srcset=\"http:\/\/www.karate-sochaczew.pl\/wp-content\/uploads\/2021\/01\/IMG_9894-1030x655.jpg 1030w, http:\/\/www.karate-sochaczew.pl\/wp-content\/uploads\/2021\/01\/IMG_9894-1030x655-300x162.jpg 300w, http:\/\/www.karate-sochaczew.pl\/wp-content\/uploads\/2021\/01\/IMG_9894-1030x655-768x414.jpg 768w, http:\/\/www.karate-sochaczew.pl\/wp-content\/uploads\/2021\/01\/IMG_9894-1030x655-1024x552.jpg 1024w\" sizes=\"(max-width: 1030px) 100vw, 1030px\" \/>12 marca nasz Klub organizuje egzaminy na stopnie uczniowskie kyu. Egzaminy organizujemy 2 razy do roku. Nast\u0119pne egzaminy odb\u0119d\u0105 si\u0119 przed wakacjami.<\/p>\n<p>Egzaminy s\u0105 wa\u017cn\u0105 cz\u0119\u015bci\u0105 treningu, i rozwoju szczeg\u00f3lnie m\u0142odych karatek\u00f3w. S\u0105 celem, do kt\u00f3rego d\u0105\u017c\u0105, dzi\u0119ki czemu ucz\u0105 si\u0119 m.in.\u00a0 systematyczno\u015bci i staraj\u0105 si\u0119 rozwija\u0107 w swojej pasji.<\/p>\n<p><strong>Aby przyst\u0105pi\u0107 do egzaminu nale\u017cy:<\/strong><\/p>\n<p><img decoding=\"async\" src=\"https:\/\/static.xx.fbcdn.net\/images\/emoji.php\/v9\/t33\/1\/16\/2705.png\" alt=\"\u2705\" \/>\u00a0Uzyska\u0107 zgod\u0119 od instruktora<\/p>\n<p><img decoding=\"async\" src=\"https:\/\/static.xx.fbcdn.net\/images\/emoji.php\/v9\/t33\/1\/16\/2705.png\" alt=\"\u2705\" \/>\u00a0nale\u017cy op\u0142aci\u0107 licencj\u0119 Polskiego Zwi\u0105zku Karate Tradycyjnego na 2023 rok &#8211; 40,00 z\u0142. \/licencja wa\u017cna jest 12 miesi\u0119cy od daty wp\u0142aty \/ licencj\u0119 op\u0142acamy na konto Polskiego Zwi\u0105zku Karate Tradycyjnego<\/p>\n<ol>\n<li>Wp\u0142at za indywidualne licencje nale\u017cy dokonywa\u0107 na poni\u017csze konto PZKT:<br \/>\n<strong>58 1160 2202 0000 0003 6414 0476, Bank Millennium<\/strong><\/li>\n<li>Licencje mog\u0105 by\u0107 wp\u0142acane indywidualnie przez \u0107wicz\u0105cych .\n<ul>\n<li>W przypadku dokonywania wp\u0142aty przez osob\u0119 indywidualn\u0105, prosimy w tytule przelewu koniecznie poda\u0107 nast\u0119puj\u0105ce dane:<em><br \/>\nImi\u0119 i nazwisko, data urodzenia, klub macierzysty<br \/>\nnp. \u201eKacper Abramczyk, ur. 20.05.2000, Karate Klub Sochaczew\u201d<\/em><\/li>\n<\/ul>\n<\/li>\n<\/ol>\n<p><img decoding=\"async\" src=\"https:\/\/static.xx.fbcdn.net\/images\/emoji.php\/v9\/t33\/1\/16\/2705.png\" alt=\"\u2705\" \/>\u00a0 nale\u017cy mie\u0107 uregulowane wszystkie sk\u0142adki cz\u0142onkowskie \/ op\u0142aty<\/p>\n<p><img decoding=\"async\" src=\"https:\/\/static.xx.fbcdn.net\/images\/emoji.php\/v9\/t33\/1\/16\/2705.png\" alt=\"\u2705\" \/>\u00a0nale\u017cy wype\u0142ni\u0107 kart\u0119 zg\u0142oszeniow\u0105 na egzamin \/ karty by\u0142y rozdane na treningu, mo\u017cna j\u0105 r\u00f3wnie\u017c wydrukowa\u0107 z linku :\u00a0<a href=\"http:\/\/www.karate-sochaczew.pl\/wp-content\/uploads\/2023\/02\/Karta-zgloszeniowa-EGZ-III-2023.pdf\">Karta zgloszeniowa EGZ III 2023<\/a><\/p>\n<p><img decoding=\"async\" src=\"https:\/\/static.xx.fbcdn.net\/images\/emoji.php\/v9\/t33\/1\/16\/2705.png\" alt=\"\u2705\" \/>\u00a0sk\u0142adaj\u0105c kart\u0119 u instruktora nale\u017cy z\u0142o\u017cy\u0107 op\u0142at\u0119 egzaminacyjn\u0105 w wysoko\u015bci <strong>80 z\u0142.<\/strong><\/p>\n<p><img decoding=\"async\" src=\"https:\/\/static.xx.fbcdn.net\/images\/emoji.php\/v9\/t33\/1\/16\/2705.png\" alt=\"\u2705\" \/>\u00a0co najwa\u017cniejsze nale\u017cy dba\u0107 o zdrowie i \u0107wiczy\u0107, \u0107wiczy\u0107 i jeszcze raz \u0107wiczy\u0107 \ud83d\ude42<\/p>\n<p><img decoding=\"async\" src=\"https:\/\/static.xx.fbcdn.net\/images\/emoji.php\/v9\/t33\/1\/16\/2705.png\" alt=\"\u2705\" \/>\u00a0Godzina egzaminu b\u0119dzie podana po przyj\u0119ciu zg\u0142oszenia<\/p>\n<p><img decoding=\"async\" src=\"https:\/\/static.xx.fbcdn.net\/images\/emoji.php\/v9\/t33\/1\/16\/2705.png\" alt=\"\u2705\" \/>\u00a0W razie pyta\u0144 prosz\u0119 o kontakt 608 661 245<\/p>\n<p><img decoding=\"async\" loading=\"lazy\" class=\"aligncenter size-full wp-image-2391\" src=\"http:\/\/www.karate-sochaczew.pl\/wp-content\/uploads\/2023\/02\/egzaminy-karta-info.png\" alt=\"egzaminy karta info\" width=\"1748\" height=\"1240\" srcset=\"http:\/\/www.karate-sochaczew.pl\/wp-content\/uploads\/2023\/02\/egzaminy-karta-info.png 1748w, http:\/\/www.karate-sochaczew.pl\/wp-content\/uploads\/2023\/02\/egzaminy-karta-info-300x213.png 300w, http:\/\/www.karate-sochaczew.pl\/wp-content\/uploads\/2023\/02\/egzaminy-karta-info-768x545.png 768w, http:\/\/www.karate-sochaczew.pl\/wp-content\/uploads\/2023\/02\/egzaminy-karta-info-1024x726.png 1024w\" sizes=\"(max-width: 1748px) 100vw, 1748px\" \/><\/p>\n","protected":false},"excerpt":{"rendered":"<p>12 marca nasz Klub organizuje egzaminy na stopnie uczniowskie kyu. Egzaminy organizujemy 2 razy do roku. Nast\u0119pne egzaminy odb\u0119d\u0105 si\u0119 przed wakacjami. Egzaminy s\u0105 wa\u017cn\u0105 cz\u0119\u015bci\u0105 treningu, i rozwoju szczeg\u00f3lnie m\u0142odych karatek\u00f3w. S\u0105 celem, do kt\u00f3rego d\u0105\u017c\u0105, dzi\u0119ki czemu ucz\u0105 si\u0119 m.in.\u00a0 systematyczno\u015bci i staraj\u0105 si\u0119 rozwija\u0107 w swojej pasji. Aby przyst\u0105pi\u0107 do egzaminu nale\u017cy: \u00a0Uzyska\u0107 zgod\u0119 od instruktora \u00a0nale\u017cy<\/p>\n","protected":false},"author":1,"featured_media":0,"comment_status":"closed","ping_status":"closed","sticky":false,"template":"","format":"standard","meta":[],"categories":[1],"tags":[],"_links":{"self":[{"href":"http:\/\/www.karate-sochaczew.pl\/index.php\/wp-json\/wp\/v2\/posts\/2388"}],"collection":[{"href":"http:\/\/www.karate-sochaczew.pl\/index.php\/wp-json\/wp\/v2\/posts"}],"about":[{"href":"http:\/\/www.karate-sochaczew.pl\/index.php\/wp-json\/wp\/v2\/types\/post"}],"author":[{"embeddable":true,"href":"http:\/\/www.karate-sochaczew.pl\/index.php\/wp-json\/wp\/v2\/users\/1"}],"replies":[{"embeddable":true,"href":"http:\/\/www.karate-sochaczew.pl\/index.php\/wp-json\/wp\/v2\/comments?post=2388"}],"version-history":[{"count":1,"href":"http:\/\/www.karate-sochaczew.pl\/index.php\/wp-json\/wp\/v2\/posts\/2388\/revisions"}],"predecessor-version":[{"id":2392,"href":"http:\/\/www.karate-sochaczew.pl\/index.php\/wp-json\/wp\/v2\/posts\/2388\/revisions\/2392"}],"wp:attachment":[{"href":"http:\/\/www.karate-sochaczew.pl\/index.php\/wp-json\/wp\/v2\/media?parent=2388"}],"wp:term":[{"taxonomy":"category","embeddable":true,"href":"http:\/\/www.karate-sochaczew.pl\/index.php\/wp-json\/wp\/v2\/categories?post=2388"},{"taxonomy":"post_tag","embeddable":true,"href":"http:\/\/www.karate-sochaczew.pl\/index.php\/wp-json\/wp\/v2\/tags?post=2388"}],"curies":[{"name":"wp","href":"https:\/\/api.w.org\/{rel}","templated":true}]}}