{"id":2398,"date":"2023-02-08T10:21:54","date_gmt":"2023-02-08T09:21:54","guid":{"rendered":"http:\/\/www.karate-sochaczew.pl\/?p=2398"},"modified":"2023-03-03T00:11:15","modified_gmt":"2023-03-02T23:11:15","slug":"info-treningi-w-ferie-badania-sportowe","status":"publish","type":"post","link":"http:\/\/www.karate-sochaczew.pl\/index.php\/2023\/02\/08\/info-treningi-w-ferie-badania-sportowe\/","title":{"rendered":"ZAWODY &#8211; 11 marca 2023 &#8211; PUCHAR MAZOWSZA"},"content":{"rendered":"<p><img decoding=\"async\" loading=\"lazy\" class=\"aligncenter  wp-image-2416\" src=\"http:\/\/www.karate-sochaczew.pl\/wp-content\/uploads\/2023\/02\/Kopia-Kopia-Kopia-Mamo-Tato-pocwicz-ze-mna...-1.png\" alt=\"\" width=\"468\" height=\"340\" srcset=\"http:\/\/www.karate-sochaczew.pl\/wp-content\/uploads\/2023\/02\/Kopia-Kopia-Kopia-Mamo-Tato-pocwicz-ze-mna...-1.png 939w, http:\/\/www.karate-sochaczew.pl\/wp-content\/uploads\/2023\/02\/Kopia-Kopia-Kopia-Mamo-Tato-pocwicz-ze-mna...-1-300x218.png 300w, http:\/\/www.karate-sochaczew.pl\/wp-content\/uploads\/2023\/02\/Kopia-Kopia-Kopia-Mamo-Tato-pocwicz-ze-mna...-1-768x559.png 768w\" sizes=\"(max-width: 468px) 100vw, 468px\" \/><\/p>\n<div class=\"x11i5rnm xat24cr x1mh8g0r x1vvkbs xdj266r x126k92a\">\n<div dir=\"auto\">Zapraszamy do udzia\u0142u w<strong> Pucharze Mazowsza w Karate Tradycyjnym<\/strong> kt\u00f3ry odb\u0119dzie si\u0119 11 marca 2023 w P\u0142ocku<span class=\"x3nfvp2 x1j61x8r x1fcty0u xdj266r xhhsvwb xat24cr xgzva0m xxymvpz xlup9mm x1kky2od\"><img decoding=\"async\" loading=\"lazy\" src=\"https:\/\/static.xx.fbcdn.net\/images\/emoji.php\/v9\/t17\/1.5\/16\/1f3c6.png\" alt=\"?\" width=\"16\" height=\"16\" \/><\/span><span class=\"x3nfvp2 x1j61x8r x1fcty0u xdj266r xhhsvwb xat24cr xgzva0m xxymvpz xlup9mm x1kky2od\"><img decoding=\"async\" loading=\"lazy\" src=\"https:\/\/static.xx.fbcdn.net\/images\/emoji.php\/v9\/t17\/1.5\/16\/1f3c6.png\" alt=\"?\" width=\"16\" height=\"16\" \/><\/span><\/div>\n<\/div>\n<div class=\"x11i5rnm xat24cr x1mh8g0r x1vvkbs xtlvy1s x126k92a\">\n<div dir=\"auto\"><span class=\"x3nfvp2 x1j61x8r x1fcty0u xdj266r xhhsvwb xat24cr xgzva0m xxymvpz xlup9mm x1kky2od\"><img decoding=\"async\" loading=\"lazy\" src=\"https:\/\/static.xx.fbcdn.net\/images\/emoji.php\/v9\/tba\/1.5\/16\/2705.png\" alt=\"\u2705\ufe0f\" width=\"16\" height=\"16\" \/><\/span><span class=\"x3nfvp2 x1j61x8r x1fcty0u xdj266r xhhsvwb xat24cr xgzva0m xxymvpz xlup9mm x1kky2od\"><img decoding=\"async\" loading=\"lazy\" src=\"https:\/\/static.xx.fbcdn.net\/images\/emoji.php\/v9\/taa\/1.5\/16\/1f449.png\" alt=\"?\" width=\"16\" height=\"16\" \/><\/span>Miejsce &#8211; P\u0142ock &#8211; Szko\u0142a Podstawowa nr 23 ul. Walecznych 20<\/div>\n<\/div>\n<div class=\"x11i5rnm xat24cr x1mh8g0r x1vvkbs xtlvy1s x126k92a\">\n<div dir=\"auto\"><span class=\"x3nfvp2 x1j61x8r x1fcty0u xdj266r xhhsvwb xat24cr xgzva0m xxymvpz xlup9mm x1kky2od\"><img decoding=\"async\" loading=\"lazy\" src=\"https:\/\/static.xx.fbcdn.net\/images\/emoji.php\/v9\/tba\/1.5\/16\/2705.png\" alt=\"\u2705\ufe0f\" width=\"16\" height=\"16\" \/><\/span><span class=\"x3nfvp2 x1j61x8r x1fcty0u xdj266r xhhsvwb xat24cr xgzva0m xxymvpz xlup9mm x1kky2od\"><img decoding=\"async\" loading=\"lazy\" src=\"https:\/\/static.xx.fbcdn.net\/images\/emoji.php\/v9\/taa\/1.5\/16\/1f449.png\" alt=\"?\" width=\"16\" height=\"16\" \/><\/span>Zapisy &#8211; osobi\u015bcie na treningu lub SMS pod nr tel 608 661 245 w tresci imie i nazwisko z dopiskiem Puchar Mazowsza<\/div>\n<\/div>\n<div class=\"x11i5rnm xat24cr x1mh8g0r x1vvkbs xtlvy1s x126k92a\">\n<div dir=\"auto\"><span class=\"x3nfvp2 x1j61x8r x1fcty0u xdj266r xhhsvwb xat24cr xgzva0m xxymvpz xlup9mm x1kky2od\"><img decoding=\"async\" loading=\"lazy\" src=\"https:\/\/static.xx.fbcdn.net\/images\/emoji.php\/v9\/tba\/1.5\/16\/2705.png\" alt=\"\u2705\ufe0f\" width=\"16\" height=\"16\" \/><\/span><span class=\"x3nfvp2 x1j61x8r x1fcty0u xdj266r xhhsvwb xat24cr xgzva0m xxymvpz xlup9mm x1kky2od\"><img decoding=\"async\" loading=\"lazy\" src=\"https:\/\/static.xx.fbcdn.net\/images\/emoji.php\/v9\/taa\/1.5\/16\/1f449.png\" alt=\"?\" width=\"16\" height=\"16\" \/><\/span>Op\u0142ata startowa &#8211; dzieci z bia\u0142ymi pasami 2012 r. urodzenia i m\u0142odsi 60 z\u0142. turniej pierwszego kroku\/<\/div>\n<div dir=\"auto\">\/\/ reszta zawodnik\u00f3w\u00a0 tzn kolorowe pasy i biale pasy ur 2011 i starsi &#8211; 80 z\u0142. \/\/ konkurencje dru\u017cynowe 60 z\u0142.<\/div>\n<\/div>\n<div class=\"x11i5rnm xat24cr x1mh8g0r x1vvkbs xtlvy1s x126k92a\">\n<div dir=\"auto\"><span class=\"x3nfvp2 x1j61x8r x1fcty0u xdj266r xhhsvwb xat24cr xgzva0m xxymvpz xlup9mm x1kky2od\"><img decoding=\"async\" loading=\"lazy\" src=\"https:\/\/static.xx.fbcdn.net\/images\/emoji.php\/v9\/tba\/1.5\/16\/2705.png\" alt=\"\u2705\ufe0f\" width=\"16\" height=\"16\" \/><\/span><span class=\"x3nfvp2 x1j61x8r x1fcty0u xdj266r xhhsvwb xat24cr xgzva0m xxymvpz xlup9mm x1kky2od\"><img decoding=\"async\" loading=\"lazy\" src=\"https:\/\/static.xx.fbcdn.net\/images\/emoji.php\/v9\/taa\/1.5\/16\/1f449.png\" alt=\"?\" width=\"16\" height=\"16\" \/><\/span>Op\u0142aty dokonujemy u instruktora lub na konto klubu najp\u00f3\u017aniej do 8 marca 2023<\/div>\n<div dir=\"auto\">REGULAMIN &#8211; <a href=\"http:\/\/www.karate-sochaczew.pl\/wp-content\/uploads\/2023\/02\/regulamin-pucharu-mazowsza-i-ligi-2023-1.pdf\">regulamin pucharu mazowsza i ligi 2023<\/a><\/div>\n<\/div>\n<div dir=\"auto\"><strong>W razie pyta\u0144 prosz\u0119 o kontakt 608 661 246<\/strong><\/div>\n","protected":false},"excerpt":{"rendered":"<p>Zapraszamy do udzia\u0142u w Pucharze Mazowsza w Karate Tradycyjnym kt\u00f3ry odb\u0119dzie si\u0119 11 marca 2023 w P\u0142ocku Miejsce &#8211; P\u0142ock &#8211; Szko\u0142a Podstawowa nr 23 ul. Walecznych 20 Zapisy &#8211; osobi\u015bcie na treningu lub SMS pod nr tel 608 661 245 w tresci imie i nazwisko z dopiskiem Puchar Mazowsza Op\u0142ata startowa &#8211; dzieci z bia\u0142ymi pasami 2012 r. urodzenia<\/p>\n","protected":false},"author":1,"featured_media":0,"comment_status":"closed","ping_status":"closed","sticky":false,"template":"","format":"standard","meta":[],"categories":[1],"tags":[],"_links":{"self":[{"href":"http:\/\/www.karate-sochaczew.pl\/index.php\/wp-json\/wp\/v2\/posts\/2398"}],"collection":[{"href":"http:\/\/www.karate-sochaczew.pl\/index.php\/wp-json\/wp\/v2\/posts"}],"about":[{"href":"http:\/\/www.karate-sochaczew.pl\/index.php\/wp-json\/wp\/v2\/types\/post"}],"author":[{"embeddable":true,"href":"http:\/\/www.karate-sochaczew.pl\/index.php\/wp-json\/wp\/v2\/users\/1"}],"replies":[{"embeddable":true,"href":"http:\/\/www.karate-sochaczew.pl\/index.php\/wp-json\/wp\/v2\/comments?post=2398"}],"version-history":[{"count":7,"href":"http:\/\/www.karate-sochaczew.pl\/index.php\/wp-json\/wp\/v2\/posts\/2398\/revisions"}],"predecessor-version":[{"id":2446,"href":"http:\/\/www.karate-sochaczew.pl\/index.php\/wp-json\/wp\/v2\/posts\/2398\/revisions\/2446"}],"wp:attachment":[{"href":"http:\/\/www.karate-sochaczew.pl\/index.php\/wp-json\/wp\/v2\/media?parent=2398"}],"wp:term":[{"taxonomy":"category","embeddable":true,"href":"http:\/\/www.karate-sochaczew.pl\/index.php\/wp-json\/wp\/v2\/categories?post=2398"},{"taxonomy":"post_tag","embeddable":true,"href":"http:\/\/www.karate-sochaczew.pl\/index.php\/wp-json\/wp\/v2\/tags?post=2398"}],"curies":[{"name":"wp","href":"https:\/\/api.w.org\/{rel}","templated":true}]}}