{"id":3453,"date":"2026-02-10T23:49:51","date_gmt":"2026-02-10T22:49:51","guid":{"rendered":"http:\/\/www.karate-sochaczew.pl\/?p=3453"},"modified":"2026-02-14T19:56:51","modified_gmt":"2026-02-14T18:56:51","slug":"egzaminy-15-02-2025-harmonogram","status":"publish","type":"post","link":"http:\/\/www.karate-sochaczew.pl\/index.php\/2026\/02\/10\/egzaminy-15-02-2025-harmonogram\/","title":{"rendered":"Egzaminy 15.02.2025 &#8211; Harmonogram"},"content":{"rendered":"\n<figure class=\"wp-block-image size-full is-resized\"><img decoding=\"async\" loading=\"lazy\" src=\"http:\/\/www.karate-sochaczew.pl\/wp-content\/uploads\/2026\/02\/1000059792.png\" alt=\"\" class=\"wp-image-3455\" width=\"633\" height=\"474\" srcset=\"http:\/\/www.karate-sochaczew.pl\/wp-content\/uploads\/2026\/02\/1000059792.png 928w, http:\/\/www.karate-sochaczew.pl\/wp-content\/uploads\/2026\/02\/1000059792-300x225.png 300w, http:\/\/www.karate-sochaczew.pl\/wp-content\/uploads\/2026\/02\/1000059792-768x576.png 768w\" sizes=\"(max-width: 633px) 100vw, 633px\" \/><\/figure>\n\n\n\n<p>15 lutego 2026r. odb\u0119d\u0105 si\u0119 pierwsze egzaminy w tym roku \/ drugi termin czewriec 2026 \/<\/p>\n\n\n\n<p>Miejsce: Szko\u0142a Podst. nr 2 Sochaczew ul. 15 sierpnia 44<\/p>\n\n\n\n<p><strong>Uwaga &#8211; wej\u015bcie na hal\u0119 od strony parkingu, z ty\u0142u szko\u0142y.<\/strong><\/p>\n\n\n\n<p>Organizator Karate Klub Sochaczew<\/p>\n\n\n\n<p>Egzamin: Polskiego Zwi\u0105zku Karate Tradycyjnego<\/p>\n\n\n\n<p>Egzaminator: sensei Jerzy Szcz\u0105chor \/ 5 DAN \/<\/p>\n\n\n\n<p><strong>Godzina 9.40 \u2013 Egzamin na bia\u0142y pas \/9 kyu\/<\/strong><\/p>\n\n\n\n<ol>\n<li>Rosochacka Jagna<\/li>\n\n\n\n<li>W\u00f3dka Adam<\/li>\n\n\n\n<li>Dobrzy\u0144ski Adrian<\/li>\n\n\n\n<li>Szyperek Wojciech<\/li>\n\n\n\n<li>Kondratiuk Artur<\/li>\n\n\n\n<li>Kondratiuk Andrii<\/li>\n\n\n\n<li>Kwiatkowski Kamil <\/li>\n\n\n\n<li>Kozhushko Tymofii <\/li>\n\n\n\n<li>Botorowicz Piotr<\/li>\n\n\n\n<li>Chabracka Urszula<\/li>\n\n\n\n<li>Florczak Miko\u0142aj <\/li>\n\n\n\n<li>Szyma\u0144ska Aleksandra<\/li>\n\n\n\n<li>Stachlewski Dominik<\/li>\n\n\n\n<li>Wawrzy\u0144czak Julia \/BL\/<\/li>\n\n\n\n<li>Or\u0142owski Krzysztof <\/li>\n\n\n\n<li>Or\u0142owski Aleksander <\/li>\n<\/ol>\n\n\n\n<p><\/p>\n\n\n\n<p><strong>Godzina 10.00 \u2013 Egzamin na bia\u0142y pas \/9 kyu\/<\/strong><\/p>\n\n\n\n<ol>\n<li>Kasi\u0144ski Franciszek<\/li>\n\n\n\n<li>Baczy\u0144ski Kacper<\/li>\n\n\n\n<li>Grzelak Dominik<\/li>\n\n\n\n<li>Baszczuk Eliasz<\/li>\n\n\n\n<li>Karpiuk Nazar<\/li>\n\n\n\n<li>Kaczmarek Szymon<\/li>\n\n\n\n<li>Szmigera Bruno<\/li>\n\n\n\n<li>Wachowski Filip<\/li>\n\n\n\n<li>Mauchanou Matsvei<\/li>\n\n\n\n<li>T\u0105dera Krzysztof<\/li>\n\n\n\n<li>Chmura Wiktor <\/li>\n\n\n\n<li>Kowalewski Patryk<\/li>\n\n\n\n<li>Kowalewski Antoni<\/li>\n\n\n\n<li>Selyk Kira \/BL\/<\/li>\n<\/ol>\n\n\n\n<p><strong>Godzina 10.20 \u2013 Egzamin na bia\u0142y pas \/9 kyu\/<\/strong><\/p>\n\n\n\n<ol>\n<li>Kowalewski Leon<\/li>\n\n\n\n<li>Cackowski Szymon<\/li>\n\n\n\n<li>Kobierecki Wiktor<\/li>\n\n\n\n<li>Kacprzak Tymon<\/li>\n\n\n\n<li>Kurantowicz Kacper <\/li>\n\n\n\n<li>Po\u0142e\u0107 \u0141ucja <\/li>\n\n\n\n<li>Szumski Adam <\/li>\n\n\n\n<li>Trzos Zofia <\/li>\n\n\n\n<li>\u0141asica Alicja <\/li>\n\n\n\n<li>K\u0119pa Stanis\u0142aw <\/li>\n\n\n\n<li>Motylevska Kamila<\/li>\n\n\n\n<li>Karaszewska Liliana<\/li>\n\n\n\n<li>Frydrysiak Rozalia<\/li>\n\n\n\n<li>Biegun Wiktoria<\/li>\n<\/ol>\n\n\n\n<p><strong>Godzina 10.40 \u2013 Egzamin na bia\u0142y pas \/9 kyu\/<\/strong><\/p>\n\n\n\n<ol>\n<li>Brooks Alicja<\/li>\n\n\n\n<li>Dadak Helena<\/li>\n\n\n\n<li>Dadak Michalina<\/li>\n\n\n\n<li>Karpi\u0144ska Lena<\/li>\n\n\n\n<li>Zarazi\u0144ska Amelia<\/li>\n\n\n\n<li>Kaczmarek Wojciech<\/li>\n\n\n\n<li>Jakubowska Zofia<\/li>\n\n\n\n<li>Wieczorek Magdalena<\/li>\n\n\n\n<li>Rutkowska Antonina<\/li>\n\n\n\n<li>Rutkowska Maria<\/li>\n\n\n\n<li>Kravets Milana<\/li>\n\n\n\n<li>Lewandowski Bart\u0142omiej <\/li>\n\n\n\n<li>Mia\u0142kos Bart\u0142omiej<\/li>\n\n\n\n<li>Mia\u0142kos Stanis\u0142aw<\/li>\n\n\n\n<li>Legenza Nikodem \/BL\/ <\/li>\n<\/ol>\n\n\n\n<p><strong>Godzina 11.00 \u2013 Egzamin na zielony  pas \/6 kyu\/<\/strong><\/p>\n\n\n\n<ol>\n<li>Bober Dominik<\/li>\n\n\n\n<li>Brooks Albert<\/li>\n\n\n\n<li>Zobaczy\u0144ski Eryk<\/li>\n\n\n\n<li>Lewandowska Joanna <\/li>\n\n\n\n<li>Wysocki Antoni <\/li>\n\n\n\n<li>Kacprzak Karol<\/li>\n<\/ol>\n\n\n\n<p><strong>Godzina 11.40 \u2013 Egzamin na \u017c\u00f3\u0142ty pas \/8 kyu\/<\/strong><\/p>\n\n\n\n<ol>\n<li>Wasilewska Nela \/ 9 &#8211; 8 kyu &#8211; podw. egzamin \/<\/li>\n\n\n\n<li>Kobierecki Aleksander<\/li>\n\n\n\n<li>Wo\u017aniak Mateusz <\/li>\n\n\n\n<li>D\u0105browski Zbigniew \/<\/li>\n\n\n\n<li>Poddenek Jan \/ 9-8 kyu &#8211; podw egzamin\/<\/li>\n\n\n\n<li>Weichert Joachim \/9-8 kyu &#8211; podw. egzamin \/<\/li>\n\n\n\n<li>Otr\u0119ba Sylwester \/9-8 kyu &#8211; pod. egzamin \/ \/ <\/li>\n\n\n\n<li>Majewska Rozalia \/9-8 kyu &#8211; podw.egzamin\/ \/ BL\/<\/li>\n\n\n\n<li>Ko\u0142osowski Maciej \/BL\/<\/li>\n\n\n\n<li>Szyma\u0144\u015bka Zuzanna <\/li>\n\n\n\n<li>\u017bak Zofia \/ BW \/<\/li>\n\n\n\n<li>Szczepaniak Adam \/ bl\/<\/li>\n\n\n\n<li>Szyma\u0144ski Szymon<\/li>\n\n\n\n<li>Szyma\u0144ski Mi\u0142osz<\/li>\n\n\n\n<li>Sieroci\u0144ski Jan<\/li>\n\n\n\n<li>Klimczewska Gabriela<\/li>\n<\/ol>\n\n\n\n<p><\/p>\n\n\n\n<p><strong>Godzina 12.10 \u2013 Egzamin na bia\u0142y pas \/9 kyu\/<\/strong><\/p>\n\n\n\n<ol>\n<li>J\u00f3\u017awiak Adam<\/li>\n\n\n\n<li>Rutkowska Zofia <\/li>\n\n\n\n<li>Rutkowski Nikodem <\/li>\n\n\n\n<li>Bogucka Pola <\/li>\n\n\n\n<li>Galanty Paulina <\/li>\n\n\n\n<li>Galanty Antonia <\/li>\n\n\n\n<li>Galany Wojciech <\/li>\n\n\n\n<li>Turbiarz Antonina<\/li>\n\n\n\n<li>Osuch Szymon<\/li>\n\n\n\n<li>Luba\u0144ska Gabriela<\/li>\n\n\n\n<li>W\u00f3jcicka Laura<\/li>\n\n\n\n<li>Raczy\u0144ska Oliwia <\/li>\n\n\n\n<li>Sobieraj Dawid<\/li>\n<\/ol>\n\n\n\n<p><strong>Godzina 12.30 \u2013 Egzamin na pomara\u0144czowy pas \/7 kyu\/<\/strong><\/p>\n\n\n\n<ol>\n<li>Khudaikulov Illia<\/li>\n\n\n\n<li>Trzeciak Micha\u0142<\/li>\n\n\n\n<li>G\u0142uchowski Krzysztof<\/li>\n\n\n\n<li>Andrzejewski Aleksander<\/li>\n\n\n\n<li>Khan Jeremi<\/li>\n\n\n\n<li>\u017bukowski Adrian<\/li>\n\n\n\n<li>W\u0142odarczyk Laura<\/li>\n\n\n\n<li>Buczek Gabriel<\/li>\n\n\n\n<li>Herrera Szyd\u0142owska Amelia \/bl\/<\/li>\n\n\n\n<li>Sawlewicz Urszula \/bl\/<\/li>\n\n\n\n<li>Pytka Helena \/ bl\/<\/li>\n\n\n\n<li>Cie\u015blak Adam <\/li>\n\n\n\n<li>Andrzejewska Wiktoria <\/li>\n<\/ol>\n\n\n\n<p><strong>Godzina 13.00 \u2013 Egzamin na pomara\u0144czowy pas \/7 kyu\/<\/strong><\/p>\n\n\n\n<ol>\n<li>Piechota Nina<\/li>\n\n\n\n<li>Kotynia Zuzanna<\/li>\n\n\n\n<li>Kotynia Zofia<\/li>\n\n\n\n<li>Wierzbicki Warzecha Teodor<\/li>\n\n\n\n<li>Cichocka Julia<\/li>\n\n\n\n<li>Paw\u0142owski Antoni<\/li>\n\n\n\n<li>Pawlowska Julia<\/li>\n\n\n\n<li>Cinkusz Gabriela<\/li>\n\n\n\n<li>Kalbarczyk Wiktoria<\/li>\n\n\n\n<li>Michalska Kornelia \/ bl\/<\/li>\n\n\n\n<li>Sobieraj Maja \/bl\/<\/li>\n\n\n\n<li>G\u0142uszek Hanna \/ bl\/<\/li>\n<\/ol>\n\n\n\n<p><strong>Godzina 13.30 \u2013 Egzamin na pomara\u0144czowy pas \/7 kyu\/<\/strong><\/p>\n\n\n\n<ol>\n<li>Bakreu Karina<\/li>\n\n\n\n<li>Kacprzak Kacper<\/li>\n\n\n\n<li>Brzozowski Jakub <\/li>\n\n\n\n<li>Brzozowska Aleskandra <\/li>\n\n\n\n<li>Matusz Julian \/BL\/<\/li>\n\n\n\n<li>M\u0105kolski Franciszek<\/li>\n\n\n\n<li>Kunikowska Iga <\/li>\n\n\n\n<li>Sobolewski Kacper <\/li>\n\n\n\n<li>\u015awi\u0105tkowski Robert<\/li>\n\n\n\n<li>Nar\u0119bski Dawid \/BW\/<\/li>\n\n\n\n<li>Turowska Aleksandra <\/li>\n\n\n\n<li>J\u0119rzejczak Dawid<\/li>\n\n\n\n<li>Jasi\u0144ski Filip<\/li>\n<\/ol>\n\n\n\n<p><strong>Godzina 14.00 \u2013 Egzamin na niebieski pas \/5 kyu-4 kyu\/<\/strong><\/p>\n\n\n\n<ol>\n<li>Dieu Linh Tran <\/li>\n\n\n\n<li>Flan Jakub <\/li>\n\n\n\n<li>Jelonek Aleksandra<\/li>\n\n\n\n<li>Kaczmarek Micha\u0142<\/li>\n\n\n\n<li>Kryczka Oliwia<\/li>\n\n\n\n<li>Kryczka Karolina<\/li>\n\n\n\n<li>Kryczka Marta<\/li>\n\n\n\n<li>Krawczyk Marta <\/li>\n\n\n\n<li>Gajda Michalina<\/li>\n\n\n\n<li>Orzechowska Kronelia<\/li>\n\n\n\n<li>Bodzioch Micha\u0142<\/li>\n<\/ol>\n\n\n\n<p><strong>Godzina 14.40 \u2013 Egzamin Doro\u015bli<\/strong><\/p>\n\n\n\n<ol>\n<li>T\u0105dera Piotr<\/li>\n\n\n\n<li>Malinowska Justyna<\/li>\n\n\n\n<li>Kryczka Tomasz<\/li>\n\n\n\n<li>Kryczka Ewa<\/li>\n\n\n\n<li>Wernicka Anna<\/li>\n\n\n\n<li>Kaewcka Sabina<\/li>\n\n\n\n<li>Frydrysiak Marlena<\/li>\n\n\n\n<li>Kalota Joanna<\/li>\n\n\n\n<li>Roznowska Ma\u0142gorzata<\/li>\n\n\n\n<li>Durlej Olga<\/li>\n\n\n\n<li>Za\u0142uska Justyna<\/li>\n\n\n\n<li>Dajer Justyna <\/li>\n\n\n\n<li>Brzozowski Ceary <\/li>\n\n\n\n<li>Karolak Marta<\/li>\n\n\n\n<li>Sieczka Ewa<\/li>\n\n\n\n<li>Kie\u0142basa-Andrzejewska Beata<\/li>\n\n\n\n<li>Bryczek Zbigniew \/bl\/<\/li>\n\n\n\n<li>Bryczek Ma\u0142gorzata \/bl\/<\/li>\n<\/ol>\n\n\n\n<p><strong>Godzina 15.30.\u2013 Egzamin na br\u0105zowy pas \/3-1 kyu\/<\/strong><\/p>\n\n\n\n<ol>\n<li>Kaczmarek Tomasz<\/li>\n\n\n\n<li>Durlej Rados\u0142aw<\/li>\n\n\n\n<li>Wernicki Piotr <\/li>\n\n\n\n<li>Malinowska Iga<\/li>\n\n\n\n<li>Wysocka Anna<\/li>\n\n\n\n<li>Dudzi\u0144ski Adam<\/li>\n<\/ol>\n","protected":false},"excerpt":{"rendered":"<p>15 lutego 2026r. odb\u0119d\u0105 si\u0119 pierwsze egzaminy w tym roku \/ drugi termin czewriec 2026 \/ Miejsce: Szko\u0142a Podst. nr 2 Sochaczew ul. 15 sierpnia 44 Uwaga &#8211; wej\u015bcie na hal\u0119 od strony parkingu, z ty\u0142u szko\u0142y. Organizator Karate Klub Sochaczew Egzamin: Polskiego Zwi\u0105zku Karate Tradycyjnego Egzaminator: sensei Jerzy Szcz\u0105chor \/ 5 DAN \/ Godzina 9.40 \u2013 Egzamin na bia\u0142y<\/p>\n","protected":false},"author":1,"featured_media":0,"comment_status":"closed","ping_status":"closed","sticky":false,"template":"","format":"standard","meta":[],"categories":[1],"tags":[],"_links":{"self":[{"href":"http:\/\/www.karate-sochaczew.pl\/index.php\/wp-json\/wp\/v2\/posts\/3453"}],"collection":[{"href":"http:\/\/www.karate-sochaczew.pl\/index.php\/wp-json\/wp\/v2\/posts"}],"about":[{"href":"http:\/\/www.karate-sochaczew.pl\/index.php\/wp-json\/wp\/v2\/types\/post"}],"author":[{"embeddable":true,"href":"http:\/\/www.karate-sochaczew.pl\/index.php\/wp-json\/wp\/v2\/users\/1"}],"replies":[{"embeddable":true,"href":"http:\/\/www.karate-sochaczew.pl\/index.php\/wp-json\/wp\/v2\/comments?post=3453"}],"version-history":[{"count":44,"href":"http:\/\/www.karate-sochaczew.pl\/index.php\/wp-json\/wp\/v2\/posts\/3453\/revisions"}],"predecessor-version":[{"id":3502,"href":"http:\/\/www.karate-sochaczew.pl\/index.php\/wp-json\/wp\/v2\/posts\/3453\/revisions\/3502"}],"wp:attachment":[{"href":"http:\/\/www.karate-sochaczew.pl\/index.php\/wp-json\/wp\/v2\/media?parent=3453"}],"wp:term":[{"taxonomy":"category","embeddable":true,"href":"http:\/\/www.karate-sochaczew.pl\/index.php\/wp-json\/wp\/v2\/categories?post=3453"},{"taxonomy":"post_tag","embeddable":true,"href":"http:\/\/www.karate-sochaczew.pl\/index.php\/wp-json\/wp\/v2\/tags?post=3453"}],"curies":[{"name":"wp","href":"https:\/\/api.w.org\/{rel}","templated":true}]}}