{"id":3503,"date":"2026-02-16T11:48:52","date_gmt":"2026-02-16T10:48:52","guid":{"rendered":"http:\/\/www.karate-sochaczew.pl\/?p=3503"},"modified":"2026-02-17T09:33:02","modified_gmt":"2026-02-17T08:33:02","slug":"zapisy-puchar-mazowsza-28-02-2026-legionowo","status":"publish","type":"post","link":"http:\/\/www.karate-sochaczew.pl\/index.php\/2026\/02\/16\/zapisy-puchar-mazowsza-28-02-2026-legionowo\/","title":{"rendered":"Zapisy &#8211; Puchar Mazowsza &#8211; 28.02.2026 Legionowo"},"content":{"rendered":"\n<p><\/p>\n\n\n\n<figure class=\"wp-block-image size-large\"><img decoding=\"async\" loading=\"lazy\" width=\"1024\" height=\"247\" src=\"http:\/\/www.karate-sochaczew.pl\/wp-content\/uploads\/2026\/02\/baner_puchar_mazowsza-1024x247.png\" alt=\"\" class=\"wp-image-3506\" srcset=\"http:\/\/www.karate-sochaczew.pl\/wp-content\/uploads\/2026\/02\/baner_puchar_mazowsza-1024x247.png 1024w, http:\/\/www.karate-sochaczew.pl\/wp-content\/uploads\/2026\/02\/baner_puchar_mazowsza-300x72.png 300w, http:\/\/www.karate-sochaczew.pl\/wp-content\/uploads\/2026\/02\/baner_puchar_mazowsza-768x186.png 768w, http:\/\/www.karate-sochaczew.pl\/wp-content\/uploads\/2026\/02\/baner_puchar_mazowsza.png 1403w\" sizes=\"(max-width: 1024px) 100vw, 1024px\" \/><\/figure>\n\n\n\n<p><img decoding=\"async\" loading=\"lazy\" height=\"16\" width=\"16\" src=\"https:\/\/static.xx.fbcdn.net\/images\/emoji.php\/v9\/t45\/1\/16\/1f6a8.png\" alt=\"????\"><img decoding=\"async\" loading=\"lazy\" height=\"16\" width=\"16\" src=\"https:\/\/static.xx.fbcdn.net\/images\/emoji.php\/v9\/t3f\/1\/16\/1f94b.png\" alt=\"????\"> UWAGA! ZAPISY NA ZAWODY! <img decoding=\"async\" loading=\"lazy\" height=\"16\" width=\"16\" src=\"https:\/\/static.xx.fbcdn.net\/images\/emoji.php\/v9\/t3f\/1\/16\/1f94b.png\" alt=\"????\"><img decoding=\"async\" loading=\"lazy\" height=\"16\" width=\"16\" src=\"https:\/\/static.xx.fbcdn.net\/images\/emoji.php\/v9\/t45\/1\/16\/1f6a8.png\" alt=\"????\"><\/p>\n\n\n\n<p>Ju\u017c 28 lutego 2026 w Legionowie odb\u0119dzie si\u0119 Puchar Mazowsza w Karate Tradycyjnym <img decoding=\"async\" loading=\"lazy\" height=\"16\" width=\"16\" alt=\"????\" src=\"https:\/\/static.xx.fbcdn.net\/images\/emoji.php\/v9\/tbe\/1\/16\/1f3c6.png\"><\/p>\n\n\n\n<p><img decoding=\"async\" loading=\"lazy\" height=\"16\" width=\"16\" alt=\"\u27a1\ufe0f\" src=\"https:\/\/static.xx.fbcdn.net\/images\/emoji.php\/v9\/t9e\/1\/16\/27a1.png\"> Zawody s\u0105 jednocze\u015bnie eliminacj\u0105 do Mazowieckiej Ligi Karate Tradycyjnego!<\/p>\n\n\n\n<p><img decoding=\"async\" loading=\"lazy\" height=\"16\" width=\"16\" alt=\"????\" src=\"https:\/\/static.xx.fbcdn.net\/images\/emoji.php\/v9\/t50\/1\/16\/1f525.png\"> Zapraszamy do udzia\u0142u w zawodach!<\/p>\n\n\n\n<p><img decoding=\"async\" loading=\"lazy\" height=\"16\" width=\"16\" alt=\"????\" src=\"https:\/\/static.xx.fbcdn.net\/images\/emoji.php\/v9\/t5c\/1\/16\/1f5d3.png\"> Zapisy do: 23 lutego 2026<\/p>\n\n\n\n<p><img decoding=\"async\" loading=\"lazy\" height=\"16\" width=\"16\" alt=\"\u27a1\ufe0f\" src=\"https:\/\/static.xx.fbcdn.net\/images\/emoji.php\/v9\/t9e\/1\/16\/27a1.png\"> Op\u0142aty startowe:<\/p>\n\n\n\n<p><img decoding=\"async\" loading=\"lazy\" height=\"16\" width=\"16\" alt=\"\u25ab\ufe0f\" src=\"https:\/\/static.xx.fbcdn.net\/images\/emoji.php\/v9\/tcd\/1\/16\/25ab.png\"> Bia\u0142e pasy (rocznik 2015 i m\u0142odsi) \u2013 80 z\u0142 \/ konkurencja indywidualna<\/p>\n\n\n\n<p><img decoding=\"async\" loading=\"lazy\" height=\"16\" width=\"16\" alt=\"\u25ab\ufe0f\" src=\"https:\/\/static.xx.fbcdn.net\/images\/emoji.php\/v9\/tcd\/1\/16\/25ab.png\"> Kolorowe pasy (rocznik 2017 i m\u0142odsi) \u2013 80 z\u0142 \/ konkurencja indywidualna start tylko w kata<\/p>\n\n\n\n<p><img decoding=\"async\" loading=\"lazy\" height=\"16\" width=\"16\" src=\"https:\/\/static.xx.fbcdn.net\/images\/emoji.php\/v9\/tcd\/1\/16\/25ab.png\" alt=\"\u25ab\ufe0f\"> (2016 i starsi) \u2013 120 z\u0142 \/ konkurencje indywidualne w tym kata i kumite  obie konkurencje mieszcz\u0105 si\u0119 w startowym 120 z\u0142.  \/<\/p>\n\n\n\n<p><img decoding=\"async\" loading=\"lazy\" height=\"16\" width=\"16\" src=\"https:\/\/static.xx.fbcdn.net\/images\/emoji.php\/v9\/t8b\/1\/16\/1f465.png\" alt=\"????\"> Konkurencja dru\u017cynowa: 80 z\u0142 \/ dru\u017cyna \/ je\u017celi jest \ud83d\ude42<\/p>\n\n\n\n<p><img decoding=\"async\" loading=\"lazy\" height=\"16\" width=\"16\" alt=\"\u270d\ufe0f\" src=\"https:\/\/static.xx.fbcdn.net\/images\/emoji.php\/v9\/te2\/1\/16\/270d.png\"> Jak si\u0119 zapisa\u0107?<\/p>\n\n\n\n<p><img decoding=\"async\" loading=\"lazy\" height=\"16\" width=\"16\" alt=\"\u2705\" src=\"https:\/\/static.xx.fbcdn.net\/images\/emoji.php\/v9\/t33\/1\/16\/2705.png\"> u instruktora lub<\/p>\n\n\n\n<p><img decoding=\"async\" loading=\"lazy\" height=\"16\" width=\"16\" alt=\"\u2705\" src=\"https:\/\/static.xx.fbcdn.net\/images\/emoji.php\/v9\/t33\/1\/16\/2705.png\"> SMS na numer 608-661-245<\/p>\n\n\n\n<p><img decoding=\"async\" loading=\"lazy\" height=\"16\" width=\"16\" alt=\"????\" src=\"https:\/\/static.xx.fbcdn.net\/images\/emoji.php\/v9\/tc0\/1\/16\/1f4e9.png\"> W tre\u015bci SMS wpisz:<\/p>\n\n\n\n<p>imi\u0119 i nazwisko dziecka + dopisek \u201ePuchar Mazowsza\u201d<\/p>\n\n\n\n<p><img decoding=\"async\" loading=\"lazy\" height=\"16\" width=\"16\" alt=\"????\" src=\"https:\/\/static.xx.fbcdn.net\/images\/emoji.php\/v9\/tdd\/1\/16\/1f4b3.png\"> Op\u0142at\u0119 startow\u0105 wp\u0142acamy u instruktora lub na konto klubu.<\/p>\n\n\n\n<p><img decoding=\"async\" loading=\"lazy\" height=\"16\" width=\"16\" src=\"https:\/\/static.xx.fbcdn.net\/images\/emoji.php\/v9\/t9e\/1\/16\/27a1.png\" alt=\"\u27a1\ufe0f\"> warunek startu <img decoding=\"async\" loading=\"lazy\" height=\"16\" width=\"16\" src=\"https:\/\/static.xx.fbcdn.net\/images\/emoji.php\/v9\/t9e\/1\/16\/27a1.png\" alt=\"\u27a1\ufe0f\"> aktualna licencja PZKT na 2026 rok.<\/p>\n\n\n\n<p><img decoding=\"async\" loading=\"lazy\" height=\"16\" width=\"16\" alt=\"????\" src=\"https:\/\/static.xx.fbcdn.net\/images\/emoji.php\/v9\/t50\/1\/16\/1f525.png\"> Zapraszamy! <img decoding=\"async\" loading=\"lazy\" height=\"16\" width=\"16\" alt=\"????\" src=\"https:\/\/static.xx.fbcdn.net\/images\/emoji.php\/v9\/t3f\/1\/16\/1f94b.png\"><img decoding=\"async\" loading=\"lazy\" height=\"16\" width=\"16\" alt=\"????\" src=\"https:\/\/static.xx.fbcdn.net\/images\/emoji.php\/v9\/t40\/1\/16\/1f4a5.png\"><\/p>\n\n\n\n<figure class=\"wp-block-image size-large\"><img decoding=\"async\" loading=\"lazy\" width=\"1024\" height=\"1024\" src=\"http:\/\/www.karate-sochaczew.pl\/wp-content\/uploads\/2026\/02\/zapisy-1024x1024.jpg\" alt=\"\" class=\"wp-image-3504\" srcset=\"http:\/\/www.karate-sochaczew.pl\/wp-content\/uploads\/2026\/02\/zapisy-1024x1024.jpg 1024w, http:\/\/www.karate-sochaczew.pl\/wp-content\/uploads\/2026\/02\/zapisy-300x300.jpg 300w, http:\/\/www.karate-sochaczew.pl\/wp-content\/uploads\/2026\/02\/zapisy-150x150.jpg 150w, http:\/\/www.karate-sochaczew.pl\/wp-content\/uploads\/2026\/02\/zapisy-768x768.jpg 768w, http:\/\/www.karate-sochaczew.pl\/wp-content\/uploads\/2026\/02\/zapisy-80x80.jpg 80w, http:\/\/www.karate-sochaczew.pl\/wp-content\/uploads\/2026\/02\/zapisy.jpg 1080w\" sizes=\"(max-width: 1024px) 100vw, 1024px\" \/><\/figure>\n","protected":false},"excerpt":{"rendered":"<p>UWAGA! ZAPISY NA ZAWODY! Ju\u017c 28 lutego 2026 w Legionowie odb\u0119dzie si\u0119 Puchar Mazowsza w Karate Tradycyjnym Zawody s\u0105 jednocze\u015bnie eliminacj\u0105 do Mazowieckiej Ligi Karate Tradycyjnego! Zapraszamy do udzia\u0142u w zawodach! Zapisy do: 23 lutego 2026 Op\u0142aty startowe: Bia\u0142e pasy (rocznik 2015 i m\u0142odsi) \u2013 80 z\u0142 \/ konkurencja indywidualna Kolorowe pasy (rocznik 2017 i m\u0142odsi) \u2013 80 z\u0142 \/<\/p>\n","protected":false},"author":1,"featured_media":0,"comment_status":"closed","ping_status":"closed","sticky":false,"template":"","format":"standard","meta":[],"categories":[1],"tags":[],"_links":{"self":[{"href":"http:\/\/www.karate-sochaczew.pl\/index.php\/wp-json\/wp\/v2\/posts\/3503"}],"collection":[{"href":"http:\/\/www.karate-sochaczew.pl\/index.php\/wp-json\/wp\/v2\/posts"}],"about":[{"href":"http:\/\/www.karate-sochaczew.pl\/index.php\/wp-json\/wp\/v2\/types\/post"}],"author":[{"embeddable":true,"href":"http:\/\/www.karate-sochaczew.pl\/index.php\/wp-json\/wp\/v2\/users\/1"}],"replies":[{"embeddable":true,"href":"http:\/\/www.karate-sochaczew.pl\/index.php\/wp-json\/wp\/v2\/comments?post=3503"}],"version-history":[{"count":3,"href":"http:\/\/www.karate-sochaczew.pl\/index.php\/wp-json\/wp\/v2\/posts\/3503\/revisions"}],"predecessor-version":[{"id":3508,"href":"http:\/\/www.karate-sochaczew.pl\/index.php\/wp-json\/wp\/v2\/posts\/3503\/revisions\/3508"}],"wp:attachment":[{"href":"http:\/\/www.karate-sochaczew.pl\/index.php\/wp-json\/wp\/v2\/media?parent=3503"}],"wp:term":[{"taxonomy":"category","embeddable":true,"href":"http:\/\/www.karate-sochaczew.pl\/index.php\/wp-json\/wp\/v2\/categories?post=3503"},{"taxonomy":"post_tag","embeddable":true,"href":"http:\/\/www.karate-sochaczew.pl\/index.php\/wp-json\/wp\/v2\/tags?post=3503"}],"curies":[{"name":"wp","href":"https:\/\/api.w.org\/{rel}","templated":true}]}}