{"id":3551,"date":"2026-03-18T13:36:54","date_gmt":"2026-03-18T12:36:54","guid":{"rendered":"http:\/\/www.karate-sochaczew.pl\/?p=3551"},"modified":"2026-03-18T13:36:54","modified_gmt":"2026-03-18T12:36:54","slug":"zawody-brzesko-11-iv-2026-bytom-12-iv-2026","status":"publish","type":"post","link":"http:\/\/www.karate-sochaczew.pl\/index.php\/2026\/03\/18\/zawody-brzesko-11-iv-2026-bytom-12-iv-2026\/","title":{"rendered":"Zawody &#8211; Brzesko 11 IV 2026 \/\/\/\/\/ Bytom 12 IV 2026"},"content":{"rendered":"\n<figure class=\"wp-block-image size-large is-resized\"><img decoding=\"async\" loading=\"lazy\" src=\"http:\/\/www.karate-sochaczew.pl\/wp-content\/uploads\/2026\/03\/qi-karate-1024x576.jpg\" alt=\"\" class=\"wp-image-3552\" width=\"628\" height=\"353\" srcset=\"http:\/\/www.karate-sochaczew.pl\/wp-content\/uploads\/2026\/03\/qi-karate-1024x576.jpg 1024w, http:\/\/www.karate-sochaczew.pl\/wp-content\/uploads\/2026\/03\/qi-karate-300x169.jpg 300w, http:\/\/www.karate-sochaczew.pl\/wp-content\/uploads\/2026\/03\/qi-karate-768x432.jpg 768w, http:\/\/www.karate-sochaczew.pl\/wp-content\/uploads\/2026\/03\/qi-karate-1536x864.jpg 1536w, http:\/\/www.karate-sochaczew.pl\/wp-content\/uploads\/2026\/03\/qi-karate.jpg 1920w\" sizes=\"(max-width: 628px) 100vw, 628px\" \/><\/figure>\n\n\n\n<figure class=\"wp-block-image size-large is-resized\"><img decoding=\"async\" loading=\"lazy\" src=\"http:\/\/www.karate-sochaczew.pl\/wp-content\/uploads\/2026\/03\/649232275_1319732206631402_5309936145044319752_n-1024x576.jpg\" alt=\"\" class=\"wp-image-3553\" width=\"632\" height=\"356\" srcset=\"http:\/\/www.karate-sochaczew.pl\/wp-content\/uploads\/2026\/03\/649232275_1319732206631402_5309936145044319752_n-1024x576.jpg 1024w, http:\/\/www.karate-sochaczew.pl\/wp-content\/uploads\/2026\/03\/649232275_1319732206631402_5309936145044319752_n-300x169.jpg 300w, http:\/\/www.karate-sochaczew.pl\/wp-content\/uploads\/2026\/03\/649232275_1319732206631402_5309936145044319752_n-768x432.jpg 768w, http:\/\/www.karate-sochaczew.pl\/wp-content\/uploads\/2026\/03\/649232275_1319732206631402_5309936145044319752_n.jpg 1200w\" sizes=\"(max-width: 632px) 100vw, 632px\" \/><\/figure>\n\n\n\n<p>Zapraszamy do udzia\u0142u w Zawodach<\/p>\n\n\n\n<p>&#8212; <strong>QI KARATE CUP\u00a0<\/strong>11 kwietnia 2026\u00a0Brzesko, ul. Piastowska 2, 32-800 Brzesko, Hala Sportowa przy ZSTiB, regulamin znajdziecie na: \u00a0https:\/\/karate.pl\/qi-karate-cup-11-04-2026-brzesko\/\u00a0<\/p>\n\n\n\n<p>Zapisy do Brzeska do 27 marca 2026 poprzez SMS 608661245 w tresci imie i nazwisko Dziecka dopisek BRZESKO &#8211; startowe p\u0142atne u instruktora lub na konto klubu 120 z\u0142. za ka\u017cd\u0105 konkurencj\u0119<\/p>\n\n\n\n<p>==========================================================================================<\/p>\n\n\n\n<p><\/p>\n\n\n\n<p>&#8212;-<strong>SILESIA CUP<\/strong>\u00a012 kwietnia 2026\u00a0Bytom,\u00a0Hala na Skarpie, ul. Frycza Modrzewskiego 5A, <\/p>\n\n\n\n<p>regulamin znajdziecie na :\u00a0<a href=\"http:\/\/karatetradycyjne.com\/wp-content\/uploads\/2026\/03\/Silesia-Cup-25-PL-.pdf.pdf\">Silesia Cup 25 PL .pdf<\/a>\u00a0,\u00a0https:\/\/www.facebook.com\/events\/3791777497804119,\u00a0<\/p>\n\n\n\n<p>Zapisy do Bytomia do 26 marca poprzez SMS 608661245 w tre\u015bci imi\u0119 i nazwisko Dziecka dopisek Bytom &#8211; startowe p\u0142atne u instruktora lub na konto klubu 120 z\u0142. za ka\u017cd\u0105 konkurencj\u0119.<\/p>\n","protected":false},"excerpt":{"rendered":"<p>Zapraszamy do udzia\u0142u w Zawodach &#8212; QI KARATE CUP\u00a011 kwietnia 2026\u00a0Brzesko, ul. Piastowska 2, 32-800 Brzesko, Hala Sportowa przy ZSTiB, regulamin znajdziecie na: \u00a0https:\/\/karate.pl\/qi-karate-cup-11-04-2026-brzesko\/\u00a0 Zapisy do Brzeska do 27 marca 2026 poprzez SMS 608661245 w tresci imie i nazwisko Dziecka dopisek BRZESKO &#8211; startowe p\u0142atne u instruktora lub na konto klubu 120 z\u0142. za ka\u017cd\u0105 konkurencj\u0119 ========================================================================================== &#8212;-SILESIA CUP\u00a012 kwietnia<\/p>\n","protected":false},"author":1,"featured_media":0,"comment_status":"closed","ping_status":"closed","sticky":false,"template":"","format":"standard","meta":[],"categories":[1],"tags":[],"_links":{"self":[{"href":"http:\/\/www.karate-sochaczew.pl\/index.php\/wp-json\/wp\/v2\/posts\/3551"}],"collection":[{"href":"http:\/\/www.karate-sochaczew.pl\/index.php\/wp-json\/wp\/v2\/posts"}],"about":[{"href":"http:\/\/www.karate-sochaczew.pl\/index.php\/wp-json\/wp\/v2\/types\/post"}],"author":[{"embeddable":true,"href":"http:\/\/www.karate-sochaczew.pl\/index.php\/wp-json\/wp\/v2\/users\/1"}],"replies":[{"embeddable":true,"href":"http:\/\/www.karate-sochaczew.pl\/index.php\/wp-json\/wp\/v2\/comments?post=3551"}],"version-history":[{"count":1,"href":"http:\/\/www.karate-sochaczew.pl\/index.php\/wp-json\/wp\/v2\/posts\/3551\/revisions"}],"predecessor-version":[{"id":3554,"href":"http:\/\/www.karate-sochaczew.pl\/index.php\/wp-json\/wp\/v2\/posts\/3551\/revisions\/3554"}],"wp:attachment":[{"href":"http:\/\/www.karate-sochaczew.pl\/index.php\/wp-json\/wp\/v2\/media?parent=3551"}],"wp:term":[{"taxonomy":"category","embeddable":true,"href":"http:\/\/www.karate-sochaczew.pl\/index.php\/wp-json\/wp\/v2\/categories?post=3551"},{"taxonomy":"post_tag","embeddable":true,"href":"http:\/\/www.karate-sochaczew.pl\/index.php\/wp-json\/wp\/v2\/tags?post=3551"}],"curies":[{"name":"wp","href":"https:\/\/api.w.org\/{rel}","templated":true}]}}