{"id":359,"date":"2016-10-22T11:18:23","date_gmt":"2016-10-22T09:18:23","guid":{"rendered":"http:\/\/www.karate-sochaczew.pl\/?p=359"},"modified":"2016-10-22T11:18:23","modified_gmt":"2016-10-22T09:18:23","slug":"359","status":"publish","type":"post","link":"http:\/\/www.karate-sochaczew.pl\/index.php\/2016\/10\/22\/359\/","title":{"rendered":""},"content":{"rendered":"<p>Karate Klub Sochaczew organizowa\u0142 b\u0119dzie p\u00f3\u0142kolonie zimowe oraz ob\u00f3z letni w 2017r. W 2018 r. planujemy zorganizowa\u0107 dodatkowo ob\u00f3z zimowy dla naszych cz\u0142onk\u00f3w. Informacje wkr\u00f3tce na naszej stronie.<\/p>\n","protected":false},"excerpt":{"rendered":"<p>Karate Klub Sochaczew organizowa\u0142 b\u0119dzie p\u00f3\u0142kolonie zimowe oraz ob\u00f3z letni w 2017r. W 2018 r. planujemy zorganizowa\u0107 dodatkowo ob\u00f3z zimowy dla naszych cz\u0142onk\u00f3w. Informacje wkr\u00f3tce na naszej stronie.<\/p>\n","protected":false},"author":1,"featured_media":0,"comment_status":"closed","ping_status":"closed","sticky":false,"template":"","format":"standard","meta":[],"categories":[18],"tags":[],"_links":{"self":[{"href":"http:\/\/www.karate-sochaczew.pl\/index.php\/wp-json\/wp\/v2\/posts\/359"}],"collection":[{"href":"http:\/\/www.karate-sochaczew.pl\/index.php\/wp-json\/wp\/v2\/posts"}],"about":[{"href":"http:\/\/www.karate-sochaczew.pl\/index.php\/wp-json\/wp\/v2\/types\/post"}],"author":[{"embeddable":true,"href":"http:\/\/www.karate-sochaczew.pl\/index.php\/wp-json\/wp\/v2\/users\/1"}],"replies":[{"embeddable":true,"href":"http:\/\/www.karate-sochaczew.pl\/index.php\/wp-json\/wp\/v2\/comments?post=359"}],"version-history":[{"count":1,"href":"http:\/\/www.karate-sochaczew.pl\/index.php\/wp-json\/wp\/v2\/posts\/359\/revisions"}],"predecessor-version":[{"id":360,"href":"http:\/\/www.karate-sochaczew.pl\/index.php\/wp-json\/wp\/v2\/posts\/359\/revisions\/360"}],"wp:attachment":[{"href":"http:\/\/www.karate-sochaczew.pl\/index.php\/wp-json\/wp\/v2\/media?parent=359"}],"wp:term":[{"taxonomy":"category","embeddable":true,"href":"http:\/\/www.karate-sochaczew.pl\/index.php\/wp-json\/wp\/v2\/categories?post=359"},{"taxonomy":"post_tag","embeddable":true,"href":"http:\/\/www.karate-sochaczew.pl\/index.php\/wp-json\/wp\/v2\/tags?post=359"}],"curies":[{"name":"wp","href":"https:\/\/api.w.org\/{rel}","templated":true}]}}