{"id":466,"date":"2017-01-10T09:27:04","date_gmt":"2017-01-10T08:27:04","guid":{"rendered":"http:\/\/www.karate-sochaczew.pl\/?p=466"},"modified":"2017-01-24T21:30:49","modified_gmt":"2017-01-24T20:30:49","slug":"mamy-jeszcze-wolne-miejsca-zapraszamy","status":"publish","type":"post","link":"http:\/\/www.karate-sochaczew.pl\/index.php\/2017\/01\/10\/mamy-jeszcze-wolne-miejsca-zapraszamy\/","title":{"rendered":"Zamykamy List\u0119 oraz zapisy &#8211; Mamy komplet :) Nast\u0119pne p\u00f3\u0142kolonie w Wakacje"},"content":{"rendered":"<p><img decoding=\"async\" loading=\"lazy\" class=\"aligncenter size-full wp-image-453\" src=\"http:\/\/www.karate-sochaczew.pl\/wp-content\/uploads\/2016\/12\/P\u00f3\u0142kolonie.jpg\" alt=\"polkolonie\" width=\"676\" height=\"960\" srcset=\"http:\/\/www.karate-sochaczew.pl\/wp-content\/uploads\/2016\/12\/P\u00f3\u0142kolonie.jpg 676w, http:\/\/www.karate-sochaczew.pl\/wp-content\/uploads\/2016\/12\/P\u00f3\u0142kolonie-211x300.jpg 211w\" sizes=\"(max-width: 676px) 100vw, 676px\" \/><\/p>\n","protected":false},"excerpt":{"rendered":"","protected":false},"author":1,"featured_media":0,"comment_status":"closed","ping_status":"closed","sticky":false,"template":"","format":"standard","meta":[],"categories":[1],"tags":[],"_links":{"self":[{"href":"http:\/\/www.karate-sochaczew.pl\/index.php\/wp-json\/wp\/v2\/posts\/466"}],"collection":[{"href":"http:\/\/www.karate-sochaczew.pl\/index.php\/wp-json\/wp\/v2\/posts"}],"about":[{"href":"http:\/\/www.karate-sochaczew.pl\/index.php\/wp-json\/wp\/v2\/types\/post"}],"author":[{"embeddable":true,"href":"http:\/\/www.karate-sochaczew.pl\/index.php\/wp-json\/wp\/v2\/users\/1"}],"replies":[{"embeddable":true,"href":"http:\/\/www.karate-sochaczew.pl\/index.php\/wp-json\/wp\/v2\/comments?post=466"}],"version-history":[{"count":4,"href":"http:\/\/www.karate-sochaczew.pl\/index.php\/wp-json\/wp\/v2\/posts\/466\/revisions"}],"predecessor-version":[{"id":483,"href":"http:\/\/www.karate-sochaczew.pl\/index.php\/wp-json\/wp\/v2\/posts\/466\/revisions\/483"}],"wp:attachment":[{"href":"http:\/\/www.karate-sochaczew.pl\/index.php\/wp-json\/wp\/v2\/media?parent=466"}],"wp:term":[{"taxonomy":"category","embeddable":true,"href":"http:\/\/www.karate-sochaczew.pl\/index.php\/wp-json\/wp\/v2\/categories?post=466"},{"taxonomy":"post_tag","embeddable":true,"href":"http:\/\/www.karate-sochaczew.pl\/index.php\/wp-json\/wp\/v2\/tags?post=466"}],"curies":[{"name":"wp","href":"https:\/\/api.w.org\/{rel}","templated":true}]}}