{"id":471,"date":"2017-01-17T11:03:15","date_gmt":"2017-01-17T10:03:15","guid":{"rendered":"http:\/\/www.karate-sochaczew.pl\/?p=471"},"modified":"2017-01-27T21:20:43","modified_gmt":"2017-01-27T20:20:43","slug":"egzaminy-na-bialy-pas","status":"publish","type":"post","link":"http:\/\/www.karate-sochaczew.pl\/index.php\/2017\/01\/17\/egzaminy-na-bialy-pas\/","title":{"rendered":"Egzaminy na Bia\u0142y Pas"},"content":{"rendered":"<p>Godz. 10.00<\/p>\n<ul>\n<li>Bujalska Julia<\/li>\n<li>Dziedzic Kacper<\/li>\n<li>Kawecki Marcel<\/li>\n<li>Kowalski Wiktor<\/li>\n<li>Kosmalska Bianka<\/li>\n<li>Nikonowicz Wiktoria<\/li>\n<li>Smoli\u0144ski Ksawery<\/li>\n<li>Szyma\u0144ski Igor<\/li>\n<li>Wilczy\u0144ska Weronika<\/li>\n<li>Wilczy\u0144ska Patrycja<\/li>\n<li>Zalewska Lena<\/li>\n<li>Zambrzycki Piotr<\/li>\n<\/ul>\n<p>Godz. 10.30<\/p>\n<ul>\n<li>Jaskulski Dawid<\/li>\n<li>Komosa Aleksander<\/li>\n<li>Skrzypkowski Adam<\/li>\n<li>Rutkowska Daria<\/li>\n<li>Wo\u017anica Bartosz<\/li>\n<li>Stelmach B\u0142a\u017cej<\/li>\n<li>Cybulski Bartosz<\/li>\n<li>Stopczy\u0144ska Patrycja<\/li>\n<li>\u015awi\u0105tkowski Kuba<\/li>\n<li>Sejdak Sebastian<\/li>\n<li>Ziejewski Oktawian<\/li>\n<\/ul>\n<p>Godz. 11.00<\/p>\n<ul>\n<li>Dobrowolska Daria<\/li>\n<li>Nowakowski Dawid<\/li>\n<li>Winnicki Szymon<\/li>\n<li>Krysztofiak Jakub<\/li>\n<li>Szyma\u0144ska Karolina<\/li>\n<li>Madanowski Maksym<\/li>\n<li>Madanowski Mi\u0142osz<\/li>\n<li>Sobieraj Piotr<\/li>\n<li>Sobieraj Natalia<\/li>\n<li>P\u0142ywaczewska Natalia<\/li>\n<li>Obcowski Oskar<\/li>\n<\/ul>\n<p>Godz 11.30<\/p>\n<ul>\n<li>Sobczak Patrycja<\/li>\n<li>Chojnacki Jan<\/li>\n<li>Barchanowicz Micha\u0142<\/li>\n<li>Polakowska Wiktoria<\/li>\n<li>Polakowski Adam<\/li>\n<li>Drejza Filip<\/li>\n<li>Go\u0142ebiowska Maja<\/li>\n<li>Wach Mateusz<\/li>\n<li>Marciniak Szymon<\/li>\n<li>Andrzejczak Adam<\/li>\n<li>Sieklicki Oliwier<\/li>\n<\/ul>\n<p>Godz. 12.00<\/p>\n<ul>\n<li>Pietryka Rafa\u0142<\/li>\n<li>Rau Ryszard<\/li>\n<li>Grajewski \u0141ukasz<\/li>\n<li>Grajewski Piotr<\/li>\n<li>Kosela Filip<\/li>\n<li>Feliga Kacper<\/li>\n<li>Wo\u0142os Klaudia<\/li>\n<li>Lewicz Filip<\/li>\n<li>K\u0142os Kryspin<\/li>\n<li>Balcerak Franciszek<\/li>\n<li>Wojda Dawid<\/li>\n<\/ul>\n<p>Godz. 12.30<\/p>\n<ul>\n<li>Uraszewski Alan<\/li>\n<li>Dudzi\u0144ski Adam<\/li>\n<li>Gronecki Filip<\/li>\n<li>Nowakowski Dominik<\/li>\n<li>Goszczy\u0144ski Kamil<\/li>\n<li>Bracki Bartosz<\/li>\n<li>Maciewjewski Kacper<\/li>\n<li>Fergin Igor<\/li>\n<li>Kapa\u0142ka Aleksandra<\/li>\n<li>Filip Dobi\u0144ski<\/li>\n<li>J\u0119draszcak Weronika<\/li>\n<\/ul>\n","protected":false},"excerpt":{"rendered":"<p>Godz. 10.00 Bujalska Julia Dziedzic Kacper Kawecki Marcel Kowalski Wiktor Kosmalska Bianka Nikonowicz Wiktoria Smoli\u0144ski Ksawery Szyma\u0144ski Igor Wilczy\u0144ska Weronika Wilczy\u0144ska Patrycja Zalewska Lena Zambrzycki Piotr Godz. 10.30 Jaskulski Dawid Komosa Aleksander Skrzypkowski Adam Rutkowska Daria Wo\u017anica Bartosz Stelmach B\u0142a\u017cej Cybulski Bartosz Stopczy\u0144ska Patrycja \u015awi\u0105tkowski Kuba Sejdak Sebastian Ziejewski Oktawian Godz. 11.00 Dobrowolska Daria Nowakowski Dawid Winnicki Szymon Krysztofiak Jakub<\/p>\n","protected":false},"author":1,"featured_media":0,"comment_status":"closed","ping_status":"closed","sticky":false,"template":"","format":"standard","meta":[],"categories":[36],"tags":[],"_links":{"self":[{"href":"http:\/\/www.karate-sochaczew.pl\/index.php\/wp-json\/wp\/v2\/posts\/471"}],"collection":[{"href":"http:\/\/www.karate-sochaczew.pl\/index.php\/wp-json\/wp\/v2\/posts"}],"about":[{"href":"http:\/\/www.karate-sochaczew.pl\/index.php\/wp-json\/wp\/v2\/types\/post"}],"author":[{"embeddable":true,"href":"http:\/\/www.karate-sochaczew.pl\/index.php\/wp-json\/wp\/v2\/users\/1"}],"replies":[{"embeddable":true,"href":"http:\/\/www.karate-sochaczew.pl\/index.php\/wp-json\/wp\/v2\/comments?post=471"}],"version-history":[{"count":13,"href":"http:\/\/www.karate-sochaczew.pl\/index.php\/wp-json\/wp\/v2\/posts\/471\/revisions"}],"predecessor-version":[{"id":490,"href":"http:\/\/www.karate-sochaczew.pl\/index.php\/wp-json\/wp\/v2\/posts\/471\/revisions\/490"}],"wp:attachment":[{"href":"http:\/\/www.karate-sochaczew.pl\/index.php\/wp-json\/wp\/v2\/media?parent=471"}],"wp:term":[{"taxonomy":"category","embeddable":true,"href":"http:\/\/www.karate-sochaczew.pl\/index.php\/wp-json\/wp\/v2\/categories?post=471"},{"taxonomy":"post_tag","embeddable":true,"href":"http:\/\/www.karate-sochaczew.pl\/index.php\/wp-json\/wp\/v2\/tags?post=471"}],"curies":[{"name":"wp","href":"https:\/\/api.w.org\/{rel}","templated":true}]}}