{"id":491,"date":"2017-01-29T17:04:09","date_gmt":"2017-01-29T16:04:09","guid":{"rendered":"http:\/\/www.karate-sochaczew.pl\/?p=491"},"modified":"2017-01-29T17:04:09","modified_gmt":"2017-01-29T16:04:09","slug":"egzaminy-n-9-kyu-bialy-pas-gratulacje","status":"publish","type":"post","link":"http:\/\/www.karate-sochaczew.pl\/index.php\/2017\/01\/29\/egzaminy-n-9-kyu-bialy-pas-gratulacje\/","title":{"rendered":"Egzaminy n 9 kyu \/ bia\u0142y pas \/ &#8211; Gratulacje"},"content":{"rendered":"<p>W sobot\u0119 w Sochaczewie odby\u0142y si\u0119 egzaminy na stopnie uczniowskie kyu. By\u0142y to pierwsze tego typu testy w historii naszego niedawno powsta\u0142ego Klubu. Do egzaminu przyst\u0105pi\u0142o 67 m\u0142odych adeptek i adept\u00f3w Karate. Nie oby\u0142o si\u0119 oczywi\u015bcie od stresu, co \u015bwiadczy\u0107 mo\u017ce tylko o tym, \u017ce egzamin traktowany by\u0142 powa\u017cnie :). Egzaminatorem by\u0142 Sensei Jerzy Szcz\u0105chor \/ 4 DAN \/, mistrz naszego Senseja \u0141ukasza Klimczewskiego, znakomity zawodnik \/medalista mistrzostw \u015bwiata i europy\/, instruktor, wychowawca wielu znakomitych karatek\u00f3w. Tak wi\u0119c nasi karatecy z sekcji SP 2 Sochaczew, Broch\u00f3w, Leszno i K\u0105ty nie mogliby chyba sobie wyobrazi\u0107 lepszego egzaminatora. Egzamin opr\u00f3cz sprawdzenia umiej\u0119tno\u015bci i wiedzy mia\u0142 r\u00f3wnie\u017c form\u0119 treningu, dzi\u0119ki czemu ka\u017cdy ze zdaj\u0105cych m\u00f3g\u0142 co\u015b poprawi\u0107 w swoim karate. Wszyscy zdali egzamin na bardzo dobrym poziomie, kilka os\u00f3b zosta\u0142o wyr\u00f3\u017cnionych przez Senesja. Nast\u0119pny egzamin w czerwcu na 8 kyu \/ \u017c\u00f3\u0142ty pas \/. Du\u017co trudniejszy&#8230;tak\u017ce do pracy zabieramy si\u0119 od najbli\u017cszego treningu, a rozci\u0105ganie zgodnie z zaleceniem Senseja codziennie:):) Jeszcze raz serdecznie wszystkim Gratulujemy!!!!<img decoding=\"async\" loading=\"lazy\" class=\"aligncenter size-full wp-image-492\" src=\"http:\/\/www.karate-sochaczew.pl\/wp-content\/uploads\/2017\/01\/white_belt.png\" alt=\"white_belt\" width=\"1400\" height=\"646\" srcset=\"http:\/\/www.karate-sochaczew.pl\/wp-content\/uploads\/2017\/01\/white_belt.png 1400w, http:\/\/www.karate-sochaczew.pl\/wp-content\/uploads\/2017\/01\/white_belt-300x138.png 300w, http:\/\/www.karate-sochaczew.pl\/wp-content\/uploads\/2017\/01\/white_belt-768x354.png 768w, http:\/\/www.karate-sochaczew.pl\/wp-content\/uploads\/2017\/01\/white_belt-1024x473.png 1024w\" sizes=\"(max-width: 1400px) 100vw, 1400px\" \/><\/p>\n","protected":false},"excerpt":{"rendered":"<p>W sobot\u0119 w Sochaczewie odby\u0142y si\u0119 egzaminy na stopnie uczniowskie kyu. By\u0142y to pierwsze tego typu testy w historii naszego niedawno powsta\u0142ego Klubu. Do egzaminu przyst\u0105pi\u0142o 67 m\u0142odych adeptek i adept\u00f3w Karate. Nie oby\u0142o si\u0119 oczywi\u015bcie od stresu, co \u015bwiadczy\u0107 mo\u017ce tylko o tym, \u017ce egzamin traktowany by\u0142 powa\u017cnie :). Egzaminatorem by\u0142 Sensei Jerzy Szcz\u0105chor \/ 4 DAN \/, mistrz<\/p>\n","protected":false},"author":1,"featured_media":0,"comment_status":"closed","ping_status":"closed","sticky":false,"template":"","format":"standard","meta":[],"categories":[1],"tags":[],"_links":{"self":[{"href":"http:\/\/www.karate-sochaczew.pl\/index.php\/wp-json\/wp\/v2\/posts\/491"}],"collection":[{"href":"http:\/\/www.karate-sochaczew.pl\/index.php\/wp-json\/wp\/v2\/posts"}],"about":[{"href":"http:\/\/www.karate-sochaczew.pl\/index.php\/wp-json\/wp\/v2\/types\/post"}],"author":[{"embeddable":true,"href":"http:\/\/www.karate-sochaczew.pl\/index.php\/wp-json\/wp\/v2\/users\/1"}],"replies":[{"embeddable":true,"href":"http:\/\/www.karate-sochaczew.pl\/index.php\/wp-json\/wp\/v2\/comments?post=491"}],"version-history":[{"count":1,"href":"http:\/\/www.karate-sochaczew.pl\/index.php\/wp-json\/wp\/v2\/posts\/491\/revisions"}],"predecessor-version":[{"id":493,"href":"http:\/\/www.karate-sochaczew.pl\/index.php\/wp-json\/wp\/v2\/posts\/491\/revisions\/493"}],"wp:attachment":[{"href":"http:\/\/www.karate-sochaczew.pl\/index.php\/wp-json\/wp\/v2\/media?parent=491"}],"wp:term":[{"taxonomy":"category","embeddable":true,"href":"http:\/\/www.karate-sochaczew.pl\/index.php\/wp-json\/wp\/v2\/categories?post=491"},{"taxonomy":"post_tag","embeddable":true,"href":"http:\/\/www.karate-sochaczew.pl\/index.php\/wp-json\/wp\/v2\/tags?post=491"}],"curies":[{"name":"wp","href":"https:\/\/api.w.org\/{rel}","templated":true}]}}