{"id":558,"date":"2017-04-13T21:39:38","date_gmt":"2017-04-13T19:39:38","guid":{"rendered":"http:\/\/www.karate-sochaczew.pl\/?p=558"},"modified":"2017-04-13T21:39:38","modified_gmt":"2017-04-13T19:39:38","slug":"wesolych-swiat-oraz-mokrego-dyngusa-zyczy-zarzad-karate-klubu-sochaczew","status":"publish","type":"post","link":"http:\/\/www.karate-sochaczew.pl\/index.php\/2017\/04\/13\/wesolych-swiat-oraz-mokrego-dyngusa-zyczy-zarzad-karate-klubu-sochaczew\/","title":{"rendered":"Weso\u0142ych \u015awi\u0105t oraz Mokrego Dyngusa \u017cyczy Zarz\u0105d Karate Klubu Sochaczew :)"},"content":{"rendered":"<p><img decoding=\"async\" loading=\"lazy\" class=\"aligncenter  wp-image-559\" src=\"http:\/\/www.karate-sochaczew.pl\/wp-content\/uploads\/2017\/04\/\u017cycz-wielkanocne.jpg\" alt=\"\u017cycz wielkanocne\" width=\"941\" height=\"429\" srcset=\"http:\/\/www.karate-sochaczew.pl\/wp-content\/uploads\/2017\/04\/\u017cycz-wielkanocne.jpg 619w, http:\/\/www.karate-sochaczew.pl\/wp-content\/uploads\/2017\/04\/\u017cycz-wielkanocne-300x137.jpg 300w\" sizes=\"(max-width: 941px) 100vw, 941px\" \/><\/p>\n","protected":false},"excerpt":{"rendered":"","protected":false},"author":1,"featured_media":0,"comment_status":"closed","ping_status":"closed","sticky":false,"template":"","format":"standard","meta":[],"categories":[1],"tags":[],"_links":{"self":[{"href":"http:\/\/www.karate-sochaczew.pl\/index.php\/wp-json\/wp\/v2\/posts\/558"}],"collection":[{"href":"http:\/\/www.karate-sochaczew.pl\/index.php\/wp-json\/wp\/v2\/posts"}],"about":[{"href":"http:\/\/www.karate-sochaczew.pl\/index.php\/wp-json\/wp\/v2\/types\/post"}],"author":[{"embeddable":true,"href":"http:\/\/www.karate-sochaczew.pl\/index.php\/wp-json\/wp\/v2\/users\/1"}],"replies":[{"embeddable":true,"href":"http:\/\/www.karate-sochaczew.pl\/index.php\/wp-json\/wp\/v2\/comments?post=558"}],"version-history":[{"count":1,"href":"http:\/\/www.karate-sochaczew.pl\/index.php\/wp-json\/wp\/v2\/posts\/558\/revisions"}],"predecessor-version":[{"id":560,"href":"http:\/\/www.karate-sochaczew.pl\/index.php\/wp-json\/wp\/v2\/posts\/558\/revisions\/560"}],"wp:attachment":[{"href":"http:\/\/www.karate-sochaczew.pl\/index.php\/wp-json\/wp\/v2\/media?parent=558"}],"wp:term":[{"taxonomy":"category","embeddable":true,"href":"http:\/\/www.karate-sochaczew.pl\/index.php\/wp-json\/wp\/v2\/categories?post=558"},{"taxonomy":"post_tag","embeddable":true,"href":"http:\/\/www.karate-sochaczew.pl\/index.php\/wp-json\/wp\/v2\/tags?post=558"}],"curies":[{"name":"wp","href":"https:\/\/api.w.org\/{rel}","templated":true}]}}