{"id":637,"date":"2017-08-22T10:36:18","date_gmt":"2017-08-22T08:36:18","guid":{"rendered":"http:\/\/www.karate-sochaczew.pl\/?p=637"},"modified":"2017-08-22T10:36:18","modified_gmt":"2017-08-22T08:36:18","slug":"udane-wakacje-karatekow","status":"publish","type":"post","link":"http:\/\/www.karate-sochaczew.pl\/index.php\/2017\/08\/22\/udane-wakacje-karatekow\/","title":{"rendered":"Udane Wakacje Karatek\u00f3w"},"content":{"rendered":"<p><span class=\"bbtext txtNormal\">W ramach Letniej Akademii Karate Tradycyjnego \/ dla nie wtajemniczonych p\u00f3\u0142kolonii, organizowanych przez KARATE KLUB SOCHACZEW \ud83d\ude42 \/, bardzo ciekawie czas sp\u0119dza\u0142o 21 jeden dzieci\u00a0 \/ch\u0142opcy i dziewczynki w wieku 7 &#8211; 12 lat \/. Podobnie tak jak podczas ferii zimowych, wakacje dla karatek\u00f3w organizowane by\u0142y w Szkole Podstawowej nr 2 w Sochaczewie. Od 7 sierpnia do 11 sierpnia kadra Karate Klubu Sochaczew dba\u0142a o bezpiecze\u0144stwo jak i o realizacj\u0119 bardzo ciekawego programu p\u00f3\u0142kolonii. Codziennie odbywa\u0142y si\u0119 treningi karate, zar\u00f3wno na dojo w szkole jak i w plenerze tj. na boisku, na pla\u017cy. W ramach p\u00f3\u0142kolonii odbywa\u0142y si\u0119 m.in. zaj\u0119cia plastyczne, dzieci wysz\u0142y na BASEN, zwiedzi\u0142y muzeum kolejki w\u0105skotorowej w Sochaczewie, odby\u0142y wycieczk\u0119 poci\u0105giem retro. Organizatorzy zapewnili wyjazd do kina, wyj\u015bcie na pizze, na lody. Atrakcji by\u0142o co nie miara. Nast\u0119pna p\u00f3\u0142kolonia w ferie 2018. Karate Klub Sochaczew pozdrawia i przypomina, \u017ce od wrze\u015bnia ruszamy z treningami w Sochaczewie, K\u0105tach, Brochowie i Lesznie. Wi\u0119cej zdj\u0119\u0107 na naszym fanpage facebook\/KarateKlubSochaczew<\/span><\/p>\n","protected":false},"excerpt":{"rendered":"<p>W ramach Letniej Akademii Karate Tradycyjnego \/ dla nie wtajemniczonych p\u00f3\u0142kolonii, organizowanych przez KARATE KLUB SOCHACZEW \ud83d\ude42 \/, bardzo ciekawie czas sp\u0119dza\u0142o 21 jeden dzieci\u00a0 \/ch\u0142opcy i dziewczynki w wieku 7 &#8211; 12 lat \/. Podobnie tak jak podczas ferii zimowych, wakacje dla karatek\u00f3w organizowane by\u0142y w Szkole Podstawowej nr 2 w Sochaczewie. Od 7 sierpnia do 11 sierpnia kadra<\/p>\n","protected":false},"author":1,"featured_media":0,"comment_status":"closed","ping_status":"closed","sticky":false,"template":"","format":"standard","meta":[],"categories":[1],"tags":[],"_links":{"self":[{"href":"http:\/\/www.karate-sochaczew.pl\/index.php\/wp-json\/wp\/v2\/posts\/637"}],"collection":[{"href":"http:\/\/www.karate-sochaczew.pl\/index.php\/wp-json\/wp\/v2\/posts"}],"about":[{"href":"http:\/\/www.karate-sochaczew.pl\/index.php\/wp-json\/wp\/v2\/types\/post"}],"author":[{"embeddable":true,"href":"http:\/\/www.karate-sochaczew.pl\/index.php\/wp-json\/wp\/v2\/users\/1"}],"replies":[{"embeddable":true,"href":"http:\/\/www.karate-sochaczew.pl\/index.php\/wp-json\/wp\/v2\/comments?post=637"}],"version-history":[{"count":1,"href":"http:\/\/www.karate-sochaczew.pl\/index.php\/wp-json\/wp\/v2\/posts\/637\/revisions"}],"predecessor-version":[{"id":638,"href":"http:\/\/www.karate-sochaczew.pl\/index.php\/wp-json\/wp\/v2\/posts\/637\/revisions\/638"}],"wp:attachment":[{"href":"http:\/\/www.karate-sochaczew.pl\/index.php\/wp-json\/wp\/v2\/media?parent=637"}],"wp:term":[{"taxonomy":"category","embeddable":true,"href":"http:\/\/www.karate-sochaczew.pl\/index.php\/wp-json\/wp\/v2\/categories?post=637"},{"taxonomy":"post_tag","embeddable":true,"href":"http:\/\/www.karate-sochaczew.pl\/index.php\/wp-json\/wp\/v2\/tags?post=637"}],"curies":[{"name":"wp","href":"https:\/\/api.w.org\/{rel}","templated":true}]}}