{"id":686,"date":"2017-11-06T13:37:12","date_gmt":"2017-11-06T12:37:12","guid":{"rendered":"http:\/\/www.karate-sochaczew.pl\/?p=686"},"modified":"2017-11-06T13:37:12","modified_gmt":"2017-11-06T12:37:12","slug":"nasi-karatecy-dzielnie-walczyli-na-wom","status":"publish","type":"post","link":"http:\/\/www.karate-sochaczew.pl\/index.php\/2017\/11\/06\/nasi-karatecy-dzielnie-walczyli-na-wom\/","title":{"rendered":"Nasi Karatecy dzielnie walczyli na WOM"},"content":{"rendered":"<p>W minion\u0105 niedziel\u0119 w Warszawie odbywa\u0142 si\u0119 turniej Karate w ramach Warszawskiej Olimpiady M\u0142odzie\u017cy. <strong>Karate Klub Sochaczew<\/strong> reprezentowa\u0142a 11 sto osobowa dobrze nastawiona reprezentacja, dla kt\u00f3rej by\u0142 to pierwszy start w nowym cyklu szkoleniowym. W zawodach, w kt\u00f3rych udzia\u0142 bra\u0142o ponad 200 karatek\u00f3w najlepiej spisa\u0142 si\u0119 <strong>Jakub Krysztofiak<\/strong>, kt\u00f3ry w swojej kategorii wiekowej zdoby\u0142 srebrny medal. Tu\u017c za podium w tej samej konkurencji na 4 miejscu uplasowa\u0142 si\u0119 Dominik Nowakowski. Kolejne cenne do\u015bwiadczenia za nami, wkr\u00f3tce nast\u0119pny sprawdzian. Oss<img decoding=\"async\" loading=\"lazy\" class=\"aligncenter size-full wp-image-687\" src=\"http:\/\/www.karate-sochaczew.pl\/wp-content\/uploads\/2017\/11\/00000aaaaaa.jpg\" alt=\"00000aaaaaa\" width=\"960\" height=\"720\" srcset=\"http:\/\/www.karate-sochaczew.pl\/wp-content\/uploads\/2017\/11\/00000aaaaaa.jpg 960w, http:\/\/www.karate-sochaczew.pl\/wp-content\/uploads\/2017\/11\/00000aaaaaa-300x225.jpg 300w, http:\/\/www.karate-sochaczew.pl\/wp-content\/uploads\/2017\/11\/00000aaaaaa-768x576.jpg 768w\" sizes=\"(max-width: 960px) 100vw, 960px\" \/> <img decoding=\"async\" loading=\"lazy\" class=\"aligncenter size-full wp-image-688\" src=\"http:\/\/www.karate-sochaczew.pl\/wp-content\/uploads\/2017\/11\/23283496_496451697405829_1947619604_n.jpg\" alt=\"23283496_496451697405829_1947619604_n\" width=\"960\" height=\"719\" srcset=\"http:\/\/www.karate-sochaczew.pl\/wp-content\/uploads\/2017\/11\/23283496_496451697405829_1947619604_n.jpg 960w, http:\/\/www.karate-sochaczew.pl\/wp-content\/uploads\/2017\/11\/23283496_496451697405829_1947619604_n-300x225.jpg 300w, http:\/\/www.karate-sochaczew.pl\/wp-content\/uploads\/2017\/11\/23283496_496451697405829_1947619604_n-768x575.jpg 768w\" sizes=\"(max-width: 960px) 100vw, 960px\" \/> <img decoding=\"async\" loading=\"lazy\" class=\"aligncenter size-full wp-image-689\" src=\"http:\/\/www.karate-sochaczew.pl\/wp-content\/uploads\/2017\/11\/23315902_10155066678252057_1400880412_n.jpg\" alt=\"23315902_10155066678252057_1400880412_n\" width=\"360\" height=\"480\" srcset=\"http:\/\/www.karate-sochaczew.pl\/wp-content\/uploads\/2017\/11\/23315902_10155066678252057_1400880412_n.jpg 360w, http:\/\/www.karate-sochaczew.pl\/wp-content\/uploads\/2017\/11\/23315902_10155066678252057_1400880412_n-225x300.jpg 225w\" sizes=\"(max-width: 360px) 100vw, 360px\" \/> <img decoding=\"async\" loading=\"lazy\" class=\"aligncenter size-full wp-image-690\" src=\"http:\/\/www.karate-sochaczew.pl\/wp-content\/uploads\/2017\/11\/23316108_10155066679312057_629006812_n.jpg\" alt=\"23316108_10155066679312057_629006812_n\" width=\"360\" height=\"480\" srcset=\"http:\/\/www.karate-sochaczew.pl\/wp-content\/uploads\/2017\/11\/23316108_10155066679312057_629006812_n.jpg 360w, http:\/\/www.karate-sochaczew.pl\/wp-content\/uploads\/2017\/11\/23316108_10155066679312057_629006812_n-225x300.jpg 225w\" sizes=\"(max-width: 360px) 100vw, 360px\" \/> <img decoding=\"async\" loading=\"lazy\" class=\"aligncenter size-full wp-image-691\" src=\"http:\/\/www.karate-sochaczew.pl\/wp-content\/uploads\/2017\/11\/23361100_496451670739165_2096230785_n.jpg\" alt=\"23361100_496451670739165_2096230785_n\" width=\"540\" height=\"960\" srcset=\"http:\/\/www.karate-sochaczew.pl\/wp-content\/uploads\/2017\/11\/23361100_496451670739165_2096230785_n.jpg 540w, http:\/\/www.karate-sochaczew.pl\/wp-content\/uploads\/2017\/11\/23361100_496451670739165_2096230785_n-169x300.jpg 169w\" sizes=\"(max-width: 540px) 100vw, 540px\" \/><\/p>\n","protected":false},"excerpt":{"rendered":"<p>W minion\u0105 niedziel\u0119 w Warszawie odbywa\u0142 si\u0119 turniej Karate w ramach Warszawskiej Olimpiady M\u0142odzie\u017cy. Karate Klub Sochaczew reprezentowa\u0142a 11 sto osobowa dobrze nastawiona reprezentacja, dla kt\u00f3rej by\u0142 to pierwszy start w nowym cyklu szkoleniowym. W zawodach, w kt\u00f3rych udzia\u0142 bra\u0142o ponad 200 karatek\u00f3w najlepiej spisa\u0142 si\u0119 Jakub Krysztofiak, kt\u00f3ry w swojej kategorii wiekowej zdoby\u0142 srebrny medal. Tu\u017c za podium w<\/p>\n","protected":false},"author":1,"featured_media":0,"comment_status":"closed","ping_status":"closed","sticky":false,"template":"","format":"standard","meta":[],"categories":[1],"tags":[],"_links":{"self":[{"href":"http:\/\/www.karate-sochaczew.pl\/index.php\/wp-json\/wp\/v2\/posts\/686"}],"collection":[{"href":"http:\/\/www.karate-sochaczew.pl\/index.php\/wp-json\/wp\/v2\/posts"}],"about":[{"href":"http:\/\/www.karate-sochaczew.pl\/index.php\/wp-json\/wp\/v2\/types\/post"}],"author":[{"embeddable":true,"href":"http:\/\/www.karate-sochaczew.pl\/index.php\/wp-json\/wp\/v2\/users\/1"}],"replies":[{"embeddable":true,"href":"http:\/\/www.karate-sochaczew.pl\/index.php\/wp-json\/wp\/v2\/comments?post=686"}],"version-history":[{"count":1,"href":"http:\/\/www.karate-sochaczew.pl\/index.php\/wp-json\/wp\/v2\/posts\/686\/revisions"}],"predecessor-version":[{"id":692,"href":"http:\/\/www.karate-sochaczew.pl\/index.php\/wp-json\/wp\/v2\/posts\/686\/revisions\/692"}],"wp:attachment":[{"href":"http:\/\/www.karate-sochaczew.pl\/index.php\/wp-json\/wp\/v2\/media?parent=686"}],"wp:term":[{"taxonomy":"category","embeddable":true,"href":"http:\/\/www.karate-sochaczew.pl\/index.php\/wp-json\/wp\/v2\/categories?post=686"},{"taxonomy":"post_tag","embeddable":true,"href":"http:\/\/www.karate-sochaczew.pl\/index.php\/wp-json\/wp\/v2\/tags?post=686"}],"curies":[{"name":"wp","href":"https:\/\/api.w.org\/{rel}","templated":true}]}}