{"id":72,"date":"2016-09-10T22:38:40","date_gmt":"2016-09-10T20:38:40","guid":{"rendered":"http:\/\/www.karate-sochaczew.pl\/?p=72"},"modified":"2016-09-10T22:39:36","modified_gmt":"2016-09-10T20:39:36","slug":"w-dniach-16-21-sierpnia-w-dojo-stara-wies-odbywalo-sie-coroczne-seminarium-karate-tradycyjnego-gasshuku-2016-w-zajeciach-bral-udzial-sensei-lukasz-klimczewski-wraz-z-instruktorami-z-karate-klub-prus","status":"publish","type":"post","link":"http:\/\/www.karate-sochaczew.pl\/index.php\/2016\/09\/10\/w-dniach-16-21-sierpnia-w-dojo-stara-wies-odbywalo-sie-coroczne-seminarium-karate-tradycyjnego-gasshuku-2016-w-zajeciach-bral-udzial-sensei-lukasz-klimczewski-wraz-z-instruktorami-z-karate-klub-prus\/","title":{"rendered":"W dniach 16-21 sierpnia w Dojo Stara Wie\u015b odbywa\u0142o si\u0119 coroczne seminarium Karate Tradycyjnego Gasshuku 2016. W zaj\u0119ciach bra\u0142 udzia\u0142 Sensei \u0141ukasz Klimczewski, wraz z instruktorami z Karate Klub Pruszk\u00f3w."},"content":{"rendered":"\n\t\t<style type=\"text\/css\">\n\t\t\t#gallery-1 {\n\t\t\t\tmargin: auto;\n\t\t\t}\n\t\t\t#gallery-1 .gallery-item {\n\t\t\t\tfloat: left;\n\t\t\t\tmargin-top: 10px;\n\t\t\t\ttext-align: center;\n\t\t\t\twidth: 33%;\n\t\t\t}\n\t\t\t#gallery-1 img {\n\t\t\t\tborder: 2px solid #cfcfcf;\n\t\t\t}\n\t\t\t#gallery-1 .gallery-caption {\n\t\t\t\tmargin-left: 0;\n\t\t\t}\n\t\t\t\/* see gallery_shortcode() in wp-includes\/media.php *\/\n\t\t<\/style>\n\t\t<div id='gallery-1' class='gallery galleryid-72 gallery-columns-3 gallery-size-thumbnail'><dl class='gallery-item'>\n\t\t\t<dt class='gallery-icon portrait'>\n\t\t\t\t<a href='http:\/\/www.karate-sochaczew.pl\/index.php\/2016\/09\/10\/w-dniach-16-21-sierpnia-w-dojo-stara-wies-odbywalo-sie-coroczne-seminarium-karate-tradycyjnego-gasshuku-2016-w-zajeciach-bral-udzial-sensei-lukasz-klimczewski-wraz-z-instruktorami-z-karate-klub-prus\/14079740_1777870212463373_1984200544617772330_n\/'><img width=\"150\" height=\"150\" src=\"http:\/\/www.karate-sochaczew.pl\/wp-content\/uploads\/2016\/09\/14079740_1777870212463373_1984200544617772330_n-150x150.jpg\" class=\"attachment-thumbnail size-thumbnail\" alt=\"\" decoding=\"async\" loading=\"lazy\" \/><\/a>\n\t\t\t<\/dt><\/dl><dl class='gallery-item'>\n\t\t\t<dt class='gallery-icon portrait'>\n\t\t\t\t<a href='http:\/\/www.karate-sochaczew.pl\/index.php\/2016\/09\/10\/w-dniach-16-21-sierpnia-w-dojo-stara-wies-odbywalo-sie-coroczne-seminarium-karate-tradycyjnego-gasshuku-2016-w-zajeciach-bral-udzial-sensei-lukasz-klimczewski-wraz-z-instruktorami-z-karate-klub-prus\/14022261_1777870142463380_4651752878309774496_n\/'><img width=\"150\" height=\"150\" src=\"http:\/\/www.karate-sochaczew.pl\/wp-content\/uploads\/2016\/09\/14022261_1777870142463380_4651752878309774496_n-150x150.jpg\" class=\"attachment-thumbnail size-thumbnail\" alt=\"\" decoding=\"async\" loading=\"lazy\" \/><\/a>\n\t\t\t<\/dt><\/dl>\n\t\t\t<br style='clear: both' \/>\n\t\t<\/div>\n\n<p>&nbsp;<\/p>\n","protected":false},"excerpt":{"rendered":"<p>&nbsp;<\/p>\n","protected":false},"author":1,"featured_media":0,"comment_status":"closed","ping_status":"closed","sticky":false,"template":"","format":"standard","meta":[],"categories":[10],"tags":[],"_links":{"self":[{"href":"http:\/\/www.karate-sochaczew.pl\/index.php\/wp-json\/wp\/v2\/posts\/72"}],"collection":[{"href":"http:\/\/www.karate-sochaczew.pl\/index.php\/wp-json\/wp\/v2\/posts"}],"about":[{"href":"http:\/\/www.karate-sochaczew.pl\/index.php\/wp-json\/wp\/v2\/types\/post"}],"author":[{"embeddable":true,"href":"http:\/\/www.karate-sochaczew.pl\/index.php\/wp-json\/wp\/v2\/users\/1"}],"replies":[{"embeddable":true,"href":"http:\/\/www.karate-sochaczew.pl\/index.php\/wp-json\/wp\/v2\/comments?post=72"}],"version-history":[{"count":3,"href":"http:\/\/www.karate-sochaczew.pl\/index.php\/wp-json\/wp\/v2\/posts\/72\/revisions"}],"predecessor-version":[{"id":77,"href":"http:\/\/www.karate-sochaczew.pl\/index.php\/wp-json\/wp\/v2\/posts\/72\/revisions\/77"}],"wp:attachment":[{"href":"http:\/\/www.karate-sochaczew.pl\/index.php\/wp-json\/wp\/v2\/media?parent=72"}],"wp:term":[{"taxonomy":"category","embeddable":true,"href":"http:\/\/www.karate-sochaczew.pl\/index.php\/wp-json\/wp\/v2\/categories?post=72"},{"taxonomy":"post_tag","embeddable":true,"href":"http:\/\/www.karate-sochaczew.pl\/index.php\/wp-json\/wp\/v2\/tags?post=72"}],"curies":[{"name":"wp","href":"https:\/\/api.w.org\/{rel}","templated":true}]}}