{"id":721,"date":"2017-12-02T21:36:44","date_gmt":"2017-12-02T20:36:44","guid":{"rendered":"http:\/\/www.karate-sochaczew.pl\/?p=721"},"modified":"2017-12-02T21:36:44","modified_gmt":"2017-12-02T20:36:44","slug":"ekomikolajki-w-podkowie-lesnej-z-wieloma-pucharami","status":"publish","type":"post","link":"http:\/\/www.karate-sochaczew.pl\/index.php\/2017\/12\/02\/ekomikolajki-w-podkowie-lesnej-z-wieloma-pucharami\/","title":{"rendered":"Ekomiko\u0142ajki w Podkowie Le\u015bnej z wieloma Pucharami."},"content":{"rendered":"<p>Karatecy z Karate Klub Sochaczew nie zwalniaj\u0105 tempa:). W dniu dzisiejszym w Podkowie Le\u015bnej odby\u0142 si\u0119 Turniej Ekomiko\u0142ajkowy. Na matach stawi\u0142o si\u0119 ok 400 m\u0142odych karatek\u00f3w. Sochaczew reprezentowa\u0142a bardzo silna, bo a\u017c 60 cio osobowa reprezentacja. Dla sporej cz\u0119\u015bci naszych klubowicz\u00f3w by\u0142y to pierwsze zawody. Wszyscy zaprezentowali si\u0119 bardzo dobrze, anga\u017cuj\u0105c si\u0119 bardzo mocno w swoje starty. Nasi reprezentanci wywalczyli a\u017c 11 puchar\u00f3w w swoich kategoriach wiekowych! 1m. zaj\u0105\u0142 Jakub Krysztofiak, 2m. Kalina Wi\u015bniewska, 2m. Patryk Sc\u0119celek, 3 miejsca wywalczyli Patrycja Stopczy\u0144ska, Julia Bujalska, Weronika Wilczy\u0144ska, Aleksandra Jengojan, Maja Kononowicz, Piotr Grajewski, Kuba \u015awi\u0105tkowski, Franciszek Wojciechowski. Wszystkim bardzo serdecznie dzi\u0119kujemy. Wkr\u00f3tce pe\u0142na galeria zdj\u0119\u0107.<\/p>\n<p><img decoding=\"async\" loading=\"lazy\" class=\"aligncenter size-full wp-image-722\" src=\"http:\/\/www.karate-sochaczew.pl\/wp-content\/uploads\/2017\/12\/0.jpg\" alt=\"0\" width=\"960\" height=\"627\" srcset=\"http:\/\/www.karate-sochaczew.pl\/wp-content\/uploads\/2017\/12\/0.jpg 960w, http:\/\/www.karate-sochaczew.pl\/wp-content\/uploads\/2017\/12\/0-300x196.jpg 300w, http:\/\/www.karate-sochaczew.pl\/wp-content\/uploads\/2017\/12\/0-768x502.jpg 768w\" sizes=\"(max-width: 960px) 100vw, 960px\" \/><\/p>\n","protected":false},"excerpt":{"rendered":"<p>Karatecy z Karate Klub Sochaczew nie zwalniaj\u0105 tempa:). W dniu dzisiejszym w Podkowie Le\u015bnej odby\u0142 si\u0119 Turniej Ekomiko\u0142ajkowy. Na matach stawi\u0142o si\u0119 ok 400 m\u0142odych karatek\u00f3w. Sochaczew reprezentowa\u0142a bardzo silna, bo a\u017c 60 cio osobowa reprezentacja. Dla sporej cz\u0119\u015bci naszych klubowicz\u00f3w by\u0142y to pierwsze zawody. Wszyscy zaprezentowali si\u0119 bardzo dobrze, anga\u017cuj\u0105c si\u0119 bardzo mocno w swoje starty. Nasi reprezentanci wywalczyli<\/p>\n","protected":false},"author":1,"featured_media":0,"comment_status":"closed","ping_status":"closed","sticky":false,"template":"","format":"standard","meta":[],"categories":[1],"tags":[],"_links":{"self":[{"href":"http:\/\/www.karate-sochaczew.pl\/index.php\/wp-json\/wp\/v2\/posts\/721"}],"collection":[{"href":"http:\/\/www.karate-sochaczew.pl\/index.php\/wp-json\/wp\/v2\/posts"}],"about":[{"href":"http:\/\/www.karate-sochaczew.pl\/index.php\/wp-json\/wp\/v2\/types\/post"}],"author":[{"embeddable":true,"href":"http:\/\/www.karate-sochaczew.pl\/index.php\/wp-json\/wp\/v2\/users\/1"}],"replies":[{"embeddable":true,"href":"http:\/\/www.karate-sochaczew.pl\/index.php\/wp-json\/wp\/v2\/comments?post=721"}],"version-history":[{"count":1,"href":"http:\/\/www.karate-sochaczew.pl\/index.php\/wp-json\/wp\/v2\/posts\/721\/revisions"}],"predecessor-version":[{"id":723,"href":"http:\/\/www.karate-sochaczew.pl\/index.php\/wp-json\/wp\/v2\/posts\/721\/revisions\/723"}],"wp:attachment":[{"href":"http:\/\/www.karate-sochaczew.pl\/index.php\/wp-json\/wp\/v2\/media?parent=721"}],"wp:term":[{"taxonomy":"category","embeddable":true,"href":"http:\/\/www.karate-sochaczew.pl\/index.php\/wp-json\/wp\/v2\/categories?post=721"},{"taxonomy":"post_tag","embeddable":true,"href":"http:\/\/www.karate-sochaczew.pl\/index.php\/wp-json\/wp\/v2\/tags?post=721"}],"curies":[{"name":"wp","href":"https:\/\/api.w.org\/{rel}","templated":true}]}}