{"id":726,"date":"2017-12-10T22:33:47","date_gmt":"2017-12-10T21:33:47","guid":{"rendered":"http:\/\/www.karate-sochaczew.pl\/?p=726"},"modified":"2017-12-10T22:33:47","modified_gmt":"2017-12-10T21:33:47","slug":"ostatni-start-w-tym-roku-juz-za-nami","status":"publish","type":"post","link":"http:\/\/www.karate-sochaczew.pl\/index.php\/2017\/12\/10\/ostatni-start-w-tym-roku-juz-za-nami\/","title":{"rendered":"Ostatni start w tym roku ju\u017c za nami."},"content":{"rendered":"<div id=\"js_74\" class=\"_5pbx userContent _3576\" data-ft=\"{&quot;tn&quot;:&quot;K&quot;}\">\n<p>Ostatni start w tym roku ju\u017c za nami. W Gwiazdkowym turnieju o Puchar Burmistrza Miasta Sulej\u00f3wek w Karate Tradycyjnym startowa\u0142o pi\u0119ciu karatek\u00f3w z Karate Klub Sochaczew. Krystian, Kuba, Marcel, \u0141ukasz i Piotr rywalizowali z 270 karatekami z Mazowsza. Nasi Wojownicy jak zwykle dzielnie walczyli, zdobywaj\u0105c cenne do\u015bwiadczenie. Piotr Grajewski w swojej kategorii wiekowej zdoby\u0142 br\u0105zowy medal. Ca\u0142e zawody odbywa\u0142y si\u0119 w rewelacyjnej atmosferze. Wszyscy startuj\u0105cy wyjechali z pami\u0105tkowymi medalami, dyplomami i super paczkami. Dzi\u0119kujemy zawodnikom, rodzicom i <a class=\"profileLink\" href=\"https:\/\/web.facebook.com\/Mazowiecka-Akademia-Karate-118130124870829\/?fref=mentions\" data-hovercard=\"\/ajax\/hovercard\/page.php?id=118130124870829&amp;extragetparams=%7B%22fref%22%3A%22mentions%22%7D\" data-hovercard-prefer-more-content-show=\"1\">Mazowiecka Akademia Karate<\/a> za zaproszenie na Turniej.<\/p>\n<\/div>\n<div class=\"_3x-2\">\n<div data-ft=\"{&quot;tn&quot;:&quot;H&quot;}\">\n<div class=\"mtm\">\n<div class=\"_2a2q\">\n<div class=\"uiScaledImageContainer\"><\/div>\n<div class=\"uiScaledImageContainer\"><img decoding=\"async\" loading=\"lazy\" class=\"aligncenter  wp-image-727\" src=\"http:\/\/www.karate-sochaczew.pl\/wp-content\/uploads\/2017\/12\/gwiazdkowy.jpg\" alt=\"gwiazdkowy\" width=\"874\" height=\"575\" srcset=\"http:\/\/www.karate-sochaczew.pl\/wp-content\/uploads\/2017\/12\/gwiazdkowy.jpg 775w, http:\/\/www.karate-sochaczew.pl\/wp-content\/uploads\/2017\/12\/gwiazdkowy-300x197.jpg 300w, http:\/\/www.karate-sochaczew.pl\/wp-content\/uploads\/2017\/12\/gwiazdkowy-768x505.jpg 768w\" sizes=\"(max-width: 874px) 100vw, 874px\" \/><\/div>\n<div class=\"uiScaledImageContainer\"><img decoding=\"async\" loading=\"lazy\" class=\"aligncenter size-full wp-image-728\" src=\"http:\/\/www.karate-sochaczew.pl\/wp-content\/uploads\/2017\/12\/gw2.jpg\" alt=\"gw2\" width=\"960\" height=\"540\" srcset=\"http:\/\/www.karate-sochaczew.pl\/wp-content\/uploads\/2017\/12\/gw2.jpg 960w, http:\/\/www.karate-sochaczew.pl\/wp-content\/uploads\/2017\/12\/gw2-300x169.jpg 300w, http:\/\/www.karate-sochaczew.pl\/wp-content\/uploads\/2017\/12\/gw2-768x432.jpg 768w\" sizes=\"(max-width: 960px) 100vw, 960px\" \/><\/div>\n<\/div>\n<\/div>\n<\/div>\n<\/div>\n<div class=\"uiScaledImageContainer\"><\/div>\n<div class=\"uiScaledImageContainer\"><\/div>\n<div class=\"uiScaledImageContainer\"><\/div>\n<div class=\"uiScaledImageContainer\"><\/div>\n<div class=\"uiScaledImageContainer\"><\/div>\n<div class=\"uiScaledImageContainer\"><\/div>\n<div class=\"uiScaledImageContainer\"><\/div>\n<div class=\"uiScaledImageContainer\"><\/div>\n","protected":false},"excerpt":{"rendered":"<p>Ostatni start w tym roku ju\u017c za nami. W Gwiazdkowym turnieju o Puchar Burmistrza Miasta Sulej\u00f3wek w Karate Tradycyjnym startowa\u0142o pi\u0119ciu karatek\u00f3w z Karate Klub Sochaczew. Krystian, Kuba, Marcel, \u0141ukasz i Piotr rywalizowali z 270 karatekami z Mazowsza. Nasi Wojownicy jak zwykle dzielnie walczyli, zdobywaj\u0105c cenne do\u015bwiadczenie. Piotr Grajewski w swojej kategorii wiekowej zdoby\u0142 br\u0105zowy medal. Ca\u0142e zawody odbywa\u0142y si\u0119<\/p>\n","protected":false},"author":1,"featured_media":0,"comment_status":"closed","ping_status":"closed","sticky":false,"template":"","format":"standard","meta":[],"categories":[1],"tags":[],"_links":{"self":[{"href":"http:\/\/www.karate-sochaczew.pl\/index.php\/wp-json\/wp\/v2\/posts\/726"}],"collection":[{"href":"http:\/\/www.karate-sochaczew.pl\/index.php\/wp-json\/wp\/v2\/posts"}],"about":[{"href":"http:\/\/www.karate-sochaczew.pl\/index.php\/wp-json\/wp\/v2\/types\/post"}],"author":[{"embeddable":true,"href":"http:\/\/www.karate-sochaczew.pl\/index.php\/wp-json\/wp\/v2\/users\/1"}],"replies":[{"embeddable":true,"href":"http:\/\/www.karate-sochaczew.pl\/index.php\/wp-json\/wp\/v2\/comments?post=726"}],"version-history":[{"count":1,"href":"http:\/\/www.karate-sochaczew.pl\/index.php\/wp-json\/wp\/v2\/posts\/726\/revisions"}],"predecessor-version":[{"id":729,"href":"http:\/\/www.karate-sochaczew.pl\/index.php\/wp-json\/wp\/v2\/posts\/726\/revisions\/729"}],"wp:attachment":[{"href":"http:\/\/www.karate-sochaczew.pl\/index.php\/wp-json\/wp\/v2\/media?parent=726"}],"wp:term":[{"taxonomy":"category","embeddable":true,"href":"http:\/\/www.karate-sochaczew.pl\/index.php\/wp-json\/wp\/v2\/categories?post=726"},{"taxonomy":"post_tag","embeddable":true,"href":"http:\/\/www.karate-sochaczew.pl\/index.php\/wp-json\/wp\/v2\/tags?post=726"}],"curies":[{"name":"wp","href":"https:\/\/api.w.org\/{rel}","templated":true}]}}