{"id":746,"date":"2018-02-01T21:16:45","date_gmt":"2018-02-01T20:16:45","guid":{"rendered":"http:\/\/www.karate-sochaczew.pl\/?p=746"},"modified":"2018-02-01T21:16:45","modified_gmt":"2018-02-01T20:16:45","slug":"aktywne-ferie-sochaczewskich-karatekow-oboz-zimowy-slowacja-polkolonie-sochaczew","status":"publish","type":"post","link":"http:\/\/www.karate-sochaczew.pl\/index.php\/2018\/02\/01\/aktywne-ferie-sochaczewskich-karatekow-oboz-zimowy-slowacja-polkolonie-sochaczew\/","title":{"rendered":"Aktywne ferie sochaczewskich karatek\u00f3w \/ Ob\u00f3z zimowy S\u0142owacja &#8211; P\u00f3\u0142kolonie Sochaczew \/"},"content":{"rendered":"<p><img decoding=\"async\" loading=\"lazy\" class=\"aligncenter size-full wp-image-747\" src=\"http:\/\/www.karate-sochaczew.pl\/wp-content\/uploads\/2018\/02\/1.jpg\" alt=\"1\" width=\"720\" height=\"409\" srcset=\"http:\/\/www.karate-sochaczew.pl\/wp-content\/uploads\/2018\/02\/1.jpg 720w, http:\/\/www.karate-sochaczew.pl\/wp-content\/uploads\/2018\/02\/1-300x170.jpg 300w\" sizes=\"(max-width: 720px) 100vw, 720px\" \/><img decoding=\"async\" loading=\"lazy\" class=\"aligncenter size-full wp-image-748\" src=\"http:\/\/www.karate-sochaczew.pl\/wp-content\/uploads\/2018\/02\/1aa.jpg\" alt=\"1aa\" width=\"960\" height=\"720\" srcset=\"http:\/\/www.karate-sochaczew.pl\/wp-content\/uploads\/2018\/02\/1aa.jpg 960w, http:\/\/www.karate-sochaczew.pl\/wp-content\/uploads\/2018\/02\/1aa-300x225.jpg 300w, http:\/\/www.karate-sochaczew.pl\/wp-content\/uploads\/2018\/02\/1aa-768x576.jpg 768w\" sizes=\"(max-width: 960px) 100vw, 960px\" \/><img decoding=\"async\" loading=\"lazy\" class=\"aligncenter size-full wp-image-749\" src=\"http:\/\/www.karate-sochaczew.pl\/wp-content\/uploads\/2018\/02\/1a.jpg\" alt=\"1a\" width=\"1001\" height=\"406\" srcset=\"http:\/\/www.karate-sochaczew.pl\/wp-content\/uploads\/2018\/02\/1a.jpg 1001w, http:\/\/www.karate-sochaczew.pl\/wp-content\/uploads\/2018\/02\/1a-300x122.jpg 300w, http:\/\/www.karate-sochaczew.pl\/wp-content\/uploads\/2018\/02\/1a-768x311.jpg 768w\" sizes=\"(max-width: 1001px) 100vw, 1001px\" \/><img decoding=\"async\" loading=\"lazy\" class=\"aligncenter size-full wp-image-750\" src=\"http:\/\/www.karate-sochaczew.pl\/wp-content\/uploads\/2018\/02\/2.jpg\" alt=\"2\" width=\"1040\" height=\"780\" srcset=\"http:\/\/www.karate-sochaczew.pl\/wp-content\/uploads\/2018\/02\/2.jpg 1040w, http:\/\/www.karate-sochaczew.pl\/wp-content\/uploads\/2018\/02\/2-300x225.jpg 300w, http:\/\/www.karate-sochaczew.pl\/wp-content\/uploads\/2018\/02\/2-768x576.jpg 768w, http:\/\/www.karate-sochaczew.pl\/wp-content\/uploads\/2018\/02\/2-1024x768.jpg 1024w\" sizes=\"(max-width: 1040px) 100vw, 1040px\" \/><img decoding=\"async\" loading=\"lazy\" class=\"aligncenter size-full wp-image-751\" src=\"http:\/\/www.karate-sochaczew.pl\/wp-content\/uploads\/2018\/02\/4.jpg\" alt=\"4\" width=\"1152\" height=\"648\" srcset=\"http:\/\/www.karate-sochaczew.pl\/wp-content\/uploads\/2018\/02\/4.jpg 1152w, http:\/\/www.karate-sochaczew.pl\/wp-content\/uploads\/2018\/02\/4-300x169.jpg 300w, http:\/\/www.karate-sochaczew.pl\/wp-content\/uploads\/2018\/02\/4-768x432.jpg 768w, http:\/\/www.karate-sochaczew.pl\/wp-content\/uploads\/2018\/02\/4-1024x576.jpg 1024w\" sizes=\"(max-width: 1152px) 100vw, 1152px\" \/><\/p>\n","protected":false},"excerpt":{"rendered":"","protected":false},"author":1,"featured_media":0,"comment_status":"closed","ping_status":"closed","sticky":false,"template":"","format":"standard","meta":[],"categories":[1,9],"tags":[],"_links":{"self":[{"href":"http:\/\/www.karate-sochaczew.pl\/index.php\/wp-json\/wp\/v2\/posts\/746"}],"collection":[{"href":"http:\/\/www.karate-sochaczew.pl\/index.php\/wp-json\/wp\/v2\/posts"}],"about":[{"href":"http:\/\/www.karate-sochaczew.pl\/index.php\/wp-json\/wp\/v2\/types\/post"}],"author":[{"embeddable":true,"href":"http:\/\/www.karate-sochaczew.pl\/index.php\/wp-json\/wp\/v2\/users\/1"}],"replies":[{"embeddable":true,"href":"http:\/\/www.karate-sochaczew.pl\/index.php\/wp-json\/wp\/v2\/comments?post=746"}],"version-history":[{"count":1,"href":"http:\/\/www.karate-sochaczew.pl\/index.php\/wp-json\/wp\/v2\/posts\/746\/revisions"}],"predecessor-version":[{"id":752,"href":"http:\/\/www.karate-sochaczew.pl\/index.php\/wp-json\/wp\/v2\/posts\/746\/revisions\/752"}],"wp:attachment":[{"href":"http:\/\/www.karate-sochaczew.pl\/index.php\/wp-json\/wp\/v2\/media?parent=746"}],"wp:term":[{"taxonomy":"category","embeddable":true,"href":"http:\/\/www.karate-sochaczew.pl\/index.php\/wp-json\/wp\/v2\/categories?post=746"},{"taxonomy":"post_tag","embeddable":true,"href":"http:\/\/www.karate-sochaczew.pl\/index.php\/wp-json\/wp\/v2\/tags?post=746"}],"curies":[{"name":"wp","href":"https:\/\/api.w.org\/{rel}","templated":true}]}}