{"id":794,"date":"2018-03-04T21:48:23","date_gmt":"2018-03-04T20:48:23","guid":{"rendered":"http:\/\/www.karate-sochaczew.pl\/?p=794"},"modified":"2018-03-04T21:48:23","modified_gmt":"2018-03-04T20:48:23","slug":"egzaminy-w-kk-sochaczew-3-marca-2018","status":"publish","type":"post","link":"http:\/\/www.karate-sochaczew.pl\/index.php\/2018\/03\/04\/egzaminy-w-kk-sochaczew-3-marca-2018\/","title":{"rendered":"Egzaminy w KK Sochaczew 3 marca 2018"},"content":{"rendered":"<p>Blisko 100 karatek\u00f3w z naszego klubu w dniu dzisiejszym zdawa\u0142o egzaminy na stopnie uczniowskie kyu. Egzaminatorem by\u0142 Sensei Jerzy Szcz\u0105chor, kt\u00f3ry jak zwykle skrupulatnie i dok\u0142adnie sprawdzi\u0142 umiej\u0119tno\u015bci sochaczewskich \/ i nie tylko <span class=\"_47e3 _5mfr\" title=\"Emotikon smile\"><img decoding=\"async\" loading=\"lazy\" class=\"img\" src=\"https:\/\/static.xx.fbcdn.net\/images\/emoji.php\/v9\/f4c\/1\/16\/1f642.png\" alt=\"\" width=\"16\" height=\"16\" \/><span class=\"_7oe\">\ud83d\ude42<\/span><\/span> \/ karatek\u00f3w. Egzaminy wypad\u0142y bardzo dobrze Jest to przede wszystkim zas\u0142uga naszych m\u0142odych adept\u00f3w sztuk walki, kt\u00f3rzy mimo chor\u00f3b, z wielkim zaanga\u017cowaniem trenowali w ostatnim okresie. Jest to r\u00f3wnie\u017c zas\u0142uga Rodzic\u00f3w, kt\u00f3rzy dbaj\u0105c o pasj\u0119 swoich Dzieci, byli w stanie pojawia\u0107 si\u0119 na wielu dodatkowych treningach. Efekty by\u0142o dzi\u015b wyra\u017anie wida\u0107 w postaci coraz lepszego poziomu karate&#8230;a ju\u017c w przysz\u0142ym tygodniu b\u0119dzie wida\u0107 pierwsze pomara\u0144czowe, nowe \u017c\u00f3\u0142te oraz spore grono bia\u0142ych pas\u00f3w. Dzi\u015b si\u0119 cieszymy a od poniedzia\u0142ku do pracy i do treningu&#8230; kolejne cele, i d\u0142uga droga przed nami. Osss<\/p>\n<p><img decoding=\"async\" loading=\"lazy\" class=\"aligncenter size-full wp-image-795\" src=\"http:\/\/www.karate-sochaczew.pl\/wp-content\/uploads\/2018\/03\/28515315_2063564403893951_7917971224678579399_o.jpg\" alt=\"28515315_2063564403893951_7917971224678579399_o\" width=\"1440\" height=\"866\" srcset=\"http:\/\/www.karate-sochaczew.pl\/wp-content\/uploads\/2018\/03\/28515315_2063564403893951_7917971224678579399_o.jpg 1440w, http:\/\/www.karate-sochaczew.pl\/wp-content\/uploads\/2018\/03\/28515315_2063564403893951_7917971224678579399_o-300x180.jpg 300w, http:\/\/www.karate-sochaczew.pl\/wp-content\/uploads\/2018\/03\/28515315_2063564403893951_7917971224678579399_o-768x462.jpg 768w, http:\/\/www.karate-sochaczew.pl\/wp-content\/uploads\/2018\/03\/28515315_2063564403893951_7917971224678579399_o-1024x616.jpg 1024w\" sizes=\"(max-width: 1440px) 100vw, 1440px\" \/><\/p>\n","protected":false},"excerpt":{"rendered":"<p>Blisko 100 karatek\u00f3w z naszego klubu w dniu dzisiejszym zdawa\u0142o egzaminy na stopnie uczniowskie kyu. Egzaminatorem by\u0142 Sensei Jerzy Szcz\u0105chor, kt\u00f3ry jak zwykle skrupulatnie i dok\u0142adnie sprawdzi\u0142 umiej\u0119tno\u015bci sochaczewskich \/ i nie tylko \ud83d\ude42 \/ karatek\u00f3w. Egzaminy wypad\u0142y bardzo dobrze Jest to przede wszystkim zas\u0142uga naszych m\u0142odych adept\u00f3w sztuk walki, kt\u00f3rzy mimo chor\u00f3b, z wielkim zaanga\u017cowaniem trenowali w ostatnim okresie.<\/p>\n","protected":false},"author":1,"featured_media":0,"comment_status":"closed","ping_status":"closed","sticky":false,"template":"","format":"standard","meta":[],"categories":[1],"tags":[],"_links":{"self":[{"href":"http:\/\/www.karate-sochaczew.pl\/index.php\/wp-json\/wp\/v2\/posts\/794"}],"collection":[{"href":"http:\/\/www.karate-sochaczew.pl\/index.php\/wp-json\/wp\/v2\/posts"}],"about":[{"href":"http:\/\/www.karate-sochaczew.pl\/index.php\/wp-json\/wp\/v2\/types\/post"}],"author":[{"embeddable":true,"href":"http:\/\/www.karate-sochaczew.pl\/index.php\/wp-json\/wp\/v2\/users\/1"}],"replies":[{"embeddable":true,"href":"http:\/\/www.karate-sochaczew.pl\/index.php\/wp-json\/wp\/v2\/comments?post=794"}],"version-history":[{"count":1,"href":"http:\/\/www.karate-sochaczew.pl\/index.php\/wp-json\/wp\/v2\/posts\/794\/revisions"}],"predecessor-version":[{"id":796,"href":"http:\/\/www.karate-sochaczew.pl\/index.php\/wp-json\/wp\/v2\/posts\/794\/revisions\/796"}],"wp:attachment":[{"href":"http:\/\/www.karate-sochaczew.pl\/index.php\/wp-json\/wp\/v2\/media?parent=794"}],"wp:term":[{"taxonomy":"category","embeddable":true,"href":"http:\/\/www.karate-sochaczew.pl\/index.php\/wp-json\/wp\/v2\/categories?post=794"},{"taxonomy":"post_tag","embeddable":true,"href":"http:\/\/www.karate-sochaczew.pl\/index.php\/wp-json\/wp\/v2\/tags?post=794"}],"curies":[{"name":"wp","href":"https:\/\/api.w.org\/{rel}","templated":true}]}}