{"id":806,"date":"2018-03-25T09:50:11","date_gmt":"2018-03-25T07:50:11","guid":{"rendered":"http:\/\/www.karate-sochaczew.pl\/?p=806"},"modified":"2018-03-25T09:52:48","modified_gmt":"2018-03-25T07:52:48","slug":"puchar-mazowsza-dla-karate-klub-sochaczew","status":"publish","type":"post","link":"http:\/\/www.karate-sochaczew.pl\/index.php\/2018\/03\/25\/puchar-mazowsza-dla-karate-klub-sochaczew\/","title":{"rendered":"Puchar Mazowsza dla Karate Klub Sochaczew"},"content":{"rendered":"<div id=\"js_7\" class=\"_5pbx userContent _3576\" data-ft=\"{&quot;tn&quot;:&quot;K&quot;}\">\n<p>Bardzo dobre wie\u015bci z Pucharu Mazowsza. 24 marca Mysiadle startowa\u0142o ok 300 zawodnik\u00f3w z kilkunastu mazowieckich klub\u00f3w. Karatecy z Sochaczewa spisali si\u0119 wspaniale prezentuj\u0105c dobrego ducha i pe\u0142ne zaanga\u017cowanie. Prze\u0142o\u017cy\u0142o si\u0119 to na wyniki sportowe. I tak Puchar Mazowsza i 1 miejsce w swojej kategorii wiekowej zdoby\u0142 KUBA \u015aWIATKOWSKI, kt\u00f3ry nie przegra\u0142 ani jednej walki <span class=\"_47e3 _5mfr\" title=\"Emotikon smile\"><img decoding=\"async\" loading=\"lazy\" class=\"img\" src=\"https:\/\/static.xx.fbcdn.net\/images\/emoji.php\/v9\/f4c\/1\/16\/1f642.png\" alt=\"\" width=\"16\" height=\"16\" \/><span class=\"_7oe\">\ud83d\ude42<\/span><\/span>. Pozosta\u0142e wyniki: WERONIKA J\u0118DRASZCZAK &#8211; 2 miejsce kata ind.; BIANKA KOSMALSKA &#8211; 3 miejsce kata ind.; PIOTR GRAJWESKI &#8211; 2 miejsce kata ind.; IWO KUBIK &#8211; 3 miejsce kata ind.; Patrycja Sobczak, Bianka Kosmalska, Weronika J\u0119draszczak &#8211; 3 miejsce kata dru\u017cynowe; Piotr Grajewski, Tymon Kochan, Iwo Kubik &#8211; 3 miejsce Kata dru\u017cynowe. Podzi\u0119kowania za starty dla Patrycji i Weroniki Wilczy\u0144\u015bkiej, Kryspina K\u0142osa, Oskara Obcowskiego, Marcela Kaweckiego, Adama Dudzi\u0144skiego, Ksawerego Smoli\u0144skiego, Szymona Winnickiego, \u0141ukasza Grajewskiego, Patryka Sc\u0119celka, Dominika Nowakowskiego.<\/p>\n<p><img decoding=\"async\" loading=\"lazy\" class=\"aligncenter size-full wp-image-807\" src=\"http:\/\/www.karate-sochaczew.pl\/wp-content\/uploads\/2018\/03\/a.jpg\" alt=\"a\" width=\"3465\" height=\"2598\" srcset=\"http:\/\/www.karate-sochaczew.pl\/wp-content\/uploads\/2018\/03\/a.jpg 3465w, http:\/\/www.karate-sochaczew.pl\/wp-content\/uploads\/2018\/03\/a-300x225.jpg 300w, http:\/\/www.karate-sochaczew.pl\/wp-content\/uploads\/2018\/03\/a-768x576.jpg 768w, http:\/\/www.karate-sochaczew.pl\/wp-content\/uploads\/2018\/03\/a-1024x768.jpg 1024w\" sizes=\"(max-width: 3465px) 100vw, 3465px\" \/><img decoding=\"async\" loading=\"lazy\" class=\"aligncenter size-full wp-image-808\" src=\"http:\/\/www.karate-sochaczew.pl\/wp-content\/uploads\/2018\/03\/kata-druz-dz-.jpg\" alt=\"kata druz dz\" width=\"960\" height=\"720\" srcset=\"http:\/\/www.karate-sochaczew.pl\/wp-content\/uploads\/2018\/03\/kata-druz-dz-.jpg 960w, http:\/\/www.karate-sochaczew.pl\/wp-content\/uploads\/2018\/03\/kata-druz-dz--300x225.jpg 300w, http:\/\/www.karate-sochaczew.pl\/wp-content\/uploads\/2018\/03\/kata-druz-dz--768x576.jpg 768w\" sizes=\"(max-width: 960px) 100vw, 960px\" \/><img decoding=\"async\" loading=\"lazy\" class=\"aligncenter size-full wp-image-810\" src=\"http:\/\/www.karate-sochaczew.pl\/wp-content\/uploads\/2018\/03\/kata-ind-piotr.jpg\" alt=\"kata ind piotr\" width=\"4160\" height=\"3120\" srcset=\"http:\/\/www.karate-sochaczew.pl\/wp-content\/uploads\/2018\/03\/kata-ind-piotr.jpg 4160w, http:\/\/www.karate-sochaczew.pl\/wp-content\/uploads\/2018\/03\/kata-ind-piotr-300x225.jpg 300w, http:\/\/www.karate-sochaczew.pl\/wp-content\/uploads\/2018\/03\/kata-ind-piotr-768x576.jpg 768w, http:\/\/www.karate-sochaczew.pl\/wp-content\/uploads\/2018\/03\/kata-ind-piotr-1024x768.jpg 1024w\" sizes=\"(max-width: 4160px) 100vw, 4160px\" \/> <img decoding=\"async\" loading=\"lazy\" class=\"aligncenter size-full wp-image-811\" src=\"http:\/\/www.karate-sochaczew.pl\/wp-content\/uploads\/2018\/03\/kdch.jpg\" alt=\"kdch\" width=\"4160\" height=\"3120\" srcset=\"http:\/\/www.karate-sochaczew.pl\/wp-content\/uploads\/2018\/03\/kdch.jpg 4160w, http:\/\/www.karate-sochaczew.pl\/wp-content\/uploads\/2018\/03\/kdch-300x225.jpg 300w, http:\/\/www.karate-sochaczew.pl\/wp-content\/uploads\/2018\/03\/kdch-768x576.jpg 768w, http:\/\/www.karate-sochaczew.pl\/wp-content\/uploads\/2018\/03\/kdch-1024x768.jpg 1024w\" sizes=\"(max-width: 4160px) 100vw, 4160px\" \/><img decoding=\"async\" loading=\"lazy\" class=\"aligncenter size-full wp-image-811\" src=\"http:\/\/www.karate-sochaczew.pl\/wp-content\/uploads\/2018\/03\/kdch.jpg\" alt=\"kdch\" width=\"4160\" height=\"3120\" srcset=\"http:\/\/www.karate-sochaczew.pl\/wp-content\/uploads\/2018\/03\/kdch.jpg 4160w, http:\/\/www.karate-sochaczew.pl\/wp-content\/uploads\/2018\/03\/kdch-300x225.jpg 300w, http:\/\/www.karate-sochaczew.pl\/wp-content\/uploads\/2018\/03\/kdch-768x576.jpg 768w, http:\/\/www.karate-sochaczew.pl\/wp-content\/uploads\/2018\/03\/kdch-1024x768.jpg 1024w\" sizes=\"(max-width: 4160px) 100vw, 4160px\" \/><img decoding=\"async\" loading=\"lazy\" class=\"aligncenter size-full wp-image-812\" src=\"http:\/\/www.karate-sochaczew.pl\/wp-content\/uploads\/2018\/03\/wspolne.jpg\" alt=\"wspolne\" width=\"720\" height=\"960\" srcset=\"http:\/\/www.karate-sochaczew.pl\/wp-content\/uploads\/2018\/03\/wspolne.jpg 720w, http:\/\/www.karate-sochaczew.pl\/wp-content\/uploads\/2018\/03\/wspolne-225x300.jpg 225w\" sizes=\"(max-width: 720px) 100vw, 720px\" \/><img decoding=\"async\" loading=\"lazy\" class=\"aligncenter size-full wp-image-813\" src=\"http:\/\/www.karate-sochaczew.pl\/wp-content\/uploads\/2018\/03\/wspolne1.jpg\" alt=\"wspolne1\" width=\"327\" height=\"588\" srcset=\"http:\/\/www.karate-sochaczew.pl\/wp-content\/uploads\/2018\/03\/wspolne1.jpg 327w, http:\/\/www.karate-sochaczew.pl\/wp-content\/uploads\/2018\/03\/wspolne1-167x300.jpg 167w\" sizes=\"(max-width: 327px) 100vw, 327px\" \/><\/p>\n<\/div>\n<div class=\"_3x-2\" data-ft=\"{&quot;tn&quot;:&quot;H&quot;}\"><\/div>\n","protected":false},"excerpt":{"rendered":"<p>Bardzo dobre wie\u015bci z Pucharu Mazowsza. 24 marca Mysiadle startowa\u0142o ok 300 zawodnik\u00f3w z kilkunastu mazowieckich klub\u00f3w. Karatecy z Sochaczewa spisali si\u0119 wspaniale prezentuj\u0105c dobrego ducha i pe\u0142ne zaanga\u017cowanie. Prze\u0142o\u017cy\u0142o si\u0119 to na wyniki sportowe. I tak Puchar Mazowsza i 1 miejsce w swojej kategorii wiekowej zdoby\u0142 KUBA \u015aWIATKOWSKI, kt\u00f3ry nie przegra\u0142 ani jednej walki \ud83d\ude42. Pozosta\u0142e wyniki: WERONIKA J\u0118DRASZCZAK<\/p>\n","protected":false},"author":1,"featured_media":0,"comment_status":"closed","ping_status":"closed","sticky":false,"template":"","format":"standard","meta":[],"categories":[1],"tags":[],"_links":{"self":[{"href":"http:\/\/www.karate-sochaczew.pl\/index.php\/wp-json\/wp\/v2\/posts\/806"}],"collection":[{"href":"http:\/\/www.karate-sochaczew.pl\/index.php\/wp-json\/wp\/v2\/posts"}],"about":[{"href":"http:\/\/www.karate-sochaczew.pl\/index.php\/wp-json\/wp\/v2\/types\/post"}],"author":[{"embeddable":true,"href":"http:\/\/www.karate-sochaczew.pl\/index.php\/wp-json\/wp\/v2\/users\/1"}],"replies":[{"embeddable":true,"href":"http:\/\/www.karate-sochaczew.pl\/index.php\/wp-json\/wp\/v2\/comments?post=806"}],"version-history":[{"count":1,"href":"http:\/\/www.karate-sochaczew.pl\/index.php\/wp-json\/wp\/v2\/posts\/806\/revisions"}],"predecessor-version":[{"id":814,"href":"http:\/\/www.karate-sochaczew.pl\/index.php\/wp-json\/wp\/v2\/posts\/806\/revisions\/814"}],"wp:attachment":[{"href":"http:\/\/www.karate-sochaczew.pl\/index.php\/wp-json\/wp\/v2\/media?parent=806"}],"wp:term":[{"taxonomy":"category","embeddable":true,"href":"http:\/\/www.karate-sochaczew.pl\/index.php\/wp-json\/wp\/v2\/categories?post=806"},{"taxonomy":"post_tag","embeddable":true,"href":"http:\/\/www.karate-sochaczew.pl\/index.php\/wp-json\/wp\/v2\/tags?post=806"}],"curies":[{"name":"wp","href":"https:\/\/api.w.org\/{rel}","templated":true}]}}