{"id":819,"date":"2018-04-17T13:02:50","date_gmt":"2018-04-17T11:02:50","guid":{"rendered":"http:\/\/www.karate-sochaczew.pl\/?p=819"},"modified":"2018-04-17T13:02:50","modified_gmt":"2018-04-17T11:02:50","slug":"zawodnicy-z-kk-sochaczew-wracaja-z-plocka-z-cennym-doswiadczeniem-oraz-medalami","status":"publish","type":"post","link":"http:\/\/www.karate-sochaczew.pl\/index.php\/2018\/04\/17\/zawodnicy-z-kk-sochaczew-wracaja-z-plocka-z-cennym-doswiadczeniem-oraz-medalami\/","title":{"rendered":"Zawodnicy z KK Sochaczew wracaj\u0105 z P\u0142ocka z cennym do\u015bwiadczeniem oraz medalami!"},"content":{"rendered":"<p>15 kwietnia w P\u0142ocku nasi zawodnicy z Karate Klub Sochaczew startowali w DPD Wojew\u00f3dzkiej Lidze Karate Tradycyjnego. Na matach stawi\u0142o si\u0119 ok 300 karatek\u00f3w z ca\u0142ego mazowsza. Szkoleniowo i treningowo by\u0142y to dla nas jedne z najlepszych zawod\u00f3w. System start\u00f3w by\u0142 tak zbudowany aby zawodnicy toczyli jak najwi\u0119cej pojedynk\u00f3w. Nasi karatecy stoczyli bardzo du\u017co walk, wk\u0142adaj\u0105c w ka\u017cdy pojedynek maksimum zaanga\u017cowania i serca. Uda\u0142o nam si\u0119 wywalczy\u0107 3 medale. I tak w rocznikach 2009-2010 dziewczynki 2 miejsce zaj\u0119\u0142a Bianka Kosmalska, 3 miejsce Patrycja Stopczy\u0144ska. w tej samej kategorii wiekowej u ch\u0142opc\u00f3w 2 miejsce zaj\u0105\u0142 Kuba \u015awi\u0105tkowski. O stref\u0119 medalow\u0105 otarli si\u0119 dos\u0142ownie w rocznikach 2008-2007 Marcel Kawecki i Oskar Obcowski. Dzi\u0119kujemy naszym zawodnikom oraz mocno prze\u017cywaj\u0105cym \/ co zrozumia\u0142e:) \/ Rodzicom. www.karate-sochaczew.pl<\/p>\n<p><img decoding=\"async\" loading=\"lazy\" class=\"aligncenter size-full wp-image-820\" src=\"http:\/\/www.karate-sochaczew.pl\/wp-content\/uploads\/2018\/04\/1.jpg\" alt=\"1\" width=\"960\" height=\"720\" srcset=\"http:\/\/www.karate-sochaczew.pl\/wp-content\/uploads\/2018\/04\/1.jpg 960w, http:\/\/www.karate-sochaczew.pl\/wp-content\/uploads\/2018\/04\/1-300x225.jpg 300w, http:\/\/www.karate-sochaczew.pl\/wp-content\/uploads\/2018\/04\/1-768x576.jpg 768w\" sizes=\"(max-width: 960px) 100vw, 960px\" \/><img decoding=\"async\" loading=\"lazy\" class=\"aligncenter size-full wp-image-821\" src=\"http:\/\/www.karate-sochaczew.pl\/wp-content\/uploads\/2018\/04\/2.jpg\" alt=\"2\" width=\"2048\" height=\"1152\" srcset=\"http:\/\/www.karate-sochaczew.pl\/wp-content\/uploads\/2018\/04\/2.jpg 2048w, http:\/\/www.karate-sochaczew.pl\/wp-content\/uploads\/2018\/04\/2-300x169.jpg 300w, http:\/\/www.karate-sochaczew.pl\/wp-content\/uploads\/2018\/04\/2-768x432.jpg 768w, http:\/\/www.karate-sochaczew.pl\/wp-content\/uploads\/2018\/04\/2-1024x576.jpg 1024w\" sizes=\"(max-width: 2048px) 100vw, 2048px\" \/><img decoding=\"async\" loading=\"lazy\" class=\"aligncenter size-full wp-image-822\" src=\"http:\/\/www.karate-sochaczew.pl\/wp-content\/uploads\/2018\/04\/3.jpg\" alt=\"3\" width=\"1911\" height=\"1074\" srcset=\"http:\/\/www.karate-sochaczew.pl\/wp-content\/uploads\/2018\/04\/3.jpg 1911w, http:\/\/www.karate-sochaczew.pl\/wp-content\/uploads\/2018\/04\/3-300x169.jpg 300w, http:\/\/www.karate-sochaczew.pl\/wp-content\/uploads\/2018\/04\/3-768x432.jpg 768w, http:\/\/www.karate-sochaczew.pl\/wp-content\/uploads\/2018\/04\/3-1024x575.jpg 1024w\" sizes=\"(max-width: 1911px) 100vw, 1911px\" \/><img decoding=\"async\" loading=\"lazy\" class=\"aligncenter size-full wp-image-823\" src=\"http:\/\/www.karate-sochaczew.pl\/wp-content\/uploads\/2018\/04\/30716103_1661063120638513_8786143966690017280_n.jpg\" alt=\"30716103_1661063120638513_8786143966690017280_n\" width=\"536\" height=\"960\" srcset=\"http:\/\/www.karate-sochaczew.pl\/wp-content\/uploads\/2018\/04\/30716103_1661063120638513_8786143966690017280_n.jpg 536w, http:\/\/www.karate-sochaczew.pl\/wp-content\/uploads\/2018\/04\/30716103_1661063120638513_8786143966690017280_n-168x300.jpg 168w\" sizes=\"(max-width: 536px) 100vw, 536px\" \/><img decoding=\"async\" loading=\"lazy\" class=\"aligncenter size-full wp-image-824\" src=\"http:\/\/www.karate-sochaczew.pl\/wp-content\/uploads\/2018\/04\/30714760_1646730522070225_8415904884544441011_n.jpg\" alt=\"30714760_1646730522070225_8415904884544441011_n\" width=\"960\" height=\"540\" srcset=\"http:\/\/www.karate-sochaczew.pl\/wp-content\/uploads\/2018\/04\/30714760_1646730522070225_8415904884544441011_n.jpg 960w, http:\/\/www.karate-sochaczew.pl\/wp-content\/uploads\/2018\/04\/30714760_1646730522070225_8415904884544441011_n-300x169.jpg 300w, http:\/\/www.karate-sochaczew.pl\/wp-content\/uploads\/2018\/04\/30714760_1646730522070225_8415904884544441011_n-768x432.jpg 768w\" sizes=\"(max-width: 960px) 100vw, 960px\" \/><img decoding=\"async\" loading=\"lazy\" class=\"aligncenter size-full wp-image-825\" src=\"http:\/\/www.karate-sochaczew.pl\/wp-content\/uploads\/2018\/04\/30712822_1646730778736866_3798683063855925898_n.jpg\" alt=\"30712822_1646730778736866_3798683063855925898_n\" width=\"528\" height=\"960\" srcset=\"http:\/\/www.karate-sochaczew.pl\/wp-content\/uploads\/2018\/04\/30712822_1646730778736866_3798683063855925898_n.jpg 528w, http:\/\/www.karate-sochaczew.pl\/wp-content\/uploads\/2018\/04\/30712822_1646730778736866_3798683063855925898_n-165x300.jpg 165w\" sizes=\"(max-width: 528px) 100vw, 528px\" \/><\/p>\n","protected":false},"excerpt":{"rendered":"<p>15 kwietnia w P\u0142ocku nasi zawodnicy z Karate Klub Sochaczew startowali w DPD Wojew\u00f3dzkiej Lidze Karate Tradycyjnego. Na matach stawi\u0142o si\u0119 ok 300 karatek\u00f3w z ca\u0142ego mazowsza. Szkoleniowo i treningowo by\u0142y to dla nas jedne z najlepszych zawod\u00f3w. System start\u00f3w by\u0142 tak zbudowany aby zawodnicy toczyli jak najwi\u0119cej pojedynk\u00f3w. Nasi karatecy stoczyli bardzo du\u017co walk, wk\u0142adaj\u0105c w ka\u017cdy pojedynek maksimum<\/p>\n","protected":false},"author":1,"featured_media":0,"comment_status":"closed","ping_status":"closed","sticky":false,"template":"","format":"standard","meta":[],"categories":[1],"tags":[],"_links":{"self":[{"href":"http:\/\/www.karate-sochaczew.pl\/index.php\/wp-json\/wp\/v2\/posts\/819"}],"collection":[{"href":"http:\/\/www.karate-sochaczew.pl\/index.php\/wp-json\/wp\/v2\/posts"}],"about":[{"href":"http:\/\/www.karate-sochaczew.pl\/index.php\/wp-json\/wp\/v2\/types\/post"}],"author":[{"embeddable":true,"href":"http:\/\/www.karate-sochaczew.pl\/index.php\/wp-json\/wp\/v2\/users\/1"}],"replies":[{"embeddable":true,"href":"http:\/\/www.karate-sochaczew.pl\/index.php\/wp-json\/wp\/v2\/comments?post=819"}],"version-history":[{"count":1,"href":"http:\/\/www.karate-sochaczew.pl\/index.php\/wp-json\/wp\/v2\/posts\/819\/revisions"}],"predecessor-version":[{"id":826,"href":"http:\/\/www.karate-sochaczew.pl\/index.php\/wp-json\/wp\/v2\/posts\/819\/revisions\/826"}],"wp:attachment":[{"href":"http:\/\/www.karate-sochaczew.pl\/index.php\/wp-json\/wp\/v2\/media?parent=819"}],"wp:term":[{"taxonomy":"category","embeddable":true,"href":"http:\/\/www.karate-sochaczew.pl\/index.php\/wp-json\/wp\/v2\/categories?post=819"},{"taxonomy":"post_tag","embeddable":true,"href":"http:\/\/www.karate-sochaczew.pl\/index.php\/wp-json\/wp\/v2\/tags?post=819"}],"curies":[{"name":"wp","href":"https:\/\/api.w.org\/{rel}","templated":true}]}}