{"id":829,"date":"2018-05-02T13:30:38","date_gmt":"2018-05-02T11:30:38","guid":{"rendered":"http:\/\/www.karate-sochaczew.pl\/?p=829"},"modified":"2018-05-02T13:30:38","modified_gmt":"2018-05-02T11:30:38","slug":"akywtosci-klubowe-maj-sierpien","status":"publish","type":"post","link":"http:\/\/www.karate-sochaczew.pl\/index.php\/2018\/05\/02\/akywtosci-klubowe-maj-sierpien\/","title":{"rendered":"Akywto\u015bci klubowe Maj-Sierpie\u0144"},"content":{"rendered":"<h2>Witam prosz\u0119 o zapoznanie z naszymi aktywno\u015bciami na najbli\u017csze miesi\u0105ce m. in. badania lekarskie, klubowe \u015bwi\u0119to 10 czerwca, czy p\u00f3\u0142kolonie.<\/h2>\n<p><img decoding=\"async\" loading=\"lazy\" class=\"aligncenter size-full wp-image-830\" src=\"http:\/\/www.karate-sochaczew.pl\/wp-content\/uploads\/2018\/05\/info-zawody-maj2018-1.jpg\" alt=\"info zawody maj2018-1\" width=\"1654\" height=\"1883\" srcset=\"http:\/\/www.karate-sochaczew.pl\/wp-content\/uploads\/2018\/05\/info-zawody-maj2018-1.jpg 1654w, http:\/\/www.karate-sochaczew.pl\/wp-content\/uploads\/2018\/05\/info-zawody-maj2018-1-264x300.jpg 264w, http:\/\/www.karate-sochaczew.pl\/wp-content\/uploads\/2018\/05\/info-zawody-maj2018-1-768x874.jpg 768w, http:\/\/www.karate-sochaczew.pl\/wp-content\/uploads\/2018\/05\/info-zawody-maj2018-1-899x1024.jpg 899w\" sizes=\"(max-width: 1654px) 100vw, 1654px\" \/><img decoding=\"async\" loading=\"lazy\" class=\"aligncenter  wp-image-831\" src=\"http:\/\/www.karate-sochaczew.pl\/wp-content\/uploads\/2018\/05\/letnia-akademia-2018.jpg\" alt=\"letnia akademia 2018\" width=\"927\" height=\"655\" srcset=\"http:\/\/www.karate-sochaczew.pl\/wp-content\/uploads\/2018\/05\/letnia-akademia-2018.jpg 2339w, http:\/\/www.karate-sochaczew.pl\/wp-content\/uploads\/2018\/05\/letnia-akademia-2018-300x212.jpg 300w, http:\/\/www.karate-sochaczew.pl\/wp-content\/uploads\/2018\/05\/letnia-akademia-2018-768x543.jpg 768w, http:\/\/www.karate-sochaczew.pl\/wp-content\/uploads\/2018\/05\/letnia-akademia-2018-1024x724.jpg 1024w\" sizes=\"(max-width: 927px) 100vw, 927px\" \/><\/p>\n","protected":false},"excerpt":{"rendered":"<p>Witam prosz\u0119 o zapoznanie z naszymi aktywno\u015bciami na najbli\u017csze miesi\u0105ce m. in. badania lekarskie, klubowe \u015bwi\u0119to 10 czerwca, czy p\u00f3\u0142kolonie.<\/p>\n","protected":false},"author":1,"featured_media":0,"comment_status":"closed","ping_status":"closed","sticky":false,"template":"","format":"standard","meta":[],"categories":[1],"tags":[],"_links":{"self":[{"href":"http:\/\/www.karate-sochaczew.pl\/index.php\/wp-json\/wp\/v2\/posts\/829"}],"collection":[{"href":"http:\/\/www.karate-sochaczew.pl\/index.php\/wp-json\/wp\/v2\/posts"}],"about":[{"href":"http:\/\/www.karate-sochaczew.pl\/index.php\/wp-json\/wp\/v2\/types\/post"}],"author":[{"embeddable":true,"href":"http:\/\/www.karate-sochaczew.pl\/index.php\/wp-json\/wp\/v2\/users\/1"}],"replies":[{"embeddable":true,"href":"http:\/\/www.karate-sochaczew.pl\/index.php\/wp-json\/wp\/v2\/comments?post=829"}],"version-history":[{"count":1,"href":"http:\/\/www.karate-sochaczew.pl\/index.php\/wp-json\/wp\/v2\/posts\/829\/revisions"}],"predecessor-version":[{"id":832,"href":"http:\/\/www.karate-sochaczew.pl\/index.php\/wp-json\/wp\/v2\/posts\/829\/revisions\/832"}],"wp:attachment":[{"href":"http:\/\/www.karate-sochaczew.pl\/index.php\/wp-json\/wp\/v2\/media?parent=829"}],"wp:term":[{"taxonomy":"category","embeddable":true,"href":"http:\/\/www.karate-sochaczew.pl\/index.php\/wp-json\/wp\/v2\/categories?post=829"},{"taxonomy":"post_tag","embeddable":true,"href":"http:\/\/www.karate-sochaczew.pl\/index.php\/wp-json\/wp\/v2\/tags?post=829"}],"curies":[{"name":"wp","href":"https:\/\/api.w.org\/{rel}","templated":true}]}}