{"id":841,"date":"2018-05-28T23:15:52","date_gmt":"2018-05-28T21:15:52","guid":{"rendered":"http:\/\/www.karate-sochaczew.pl\/?p=841"},"modified":"2018-05-28T23:15:52","modified_gmt":"2018-05-28T21:15:52","slug":"zostalo-tylko-5-miejsc-na-polkolonie-z-kk-sochaczew","status":"publish","type":"post","link":"http:\/\/www.karate-sochaczew.pl\/index.php\/2018\/05\/28\/zostalo-tylko-5-miejsc-na-polkolonie-z-kk-sochaczew\/","title":{"rendered":"Zosta\u0142o tylko 5 miejsc na P\u00f3\u0142kolonie z KK Sochaczew"},"content":{"rendered":"<p><img decoding=\"async\" loading=\"lazy\" class=\"aligncenter size-full wp-image-831\" src=\"http:\/\/www.karate-sochaczew.pl\/wp-content\/uploads\/2018\/05\/letnia-akademia-2018.jpg\" alt=\"letnia akademia 2018\" width=\"2339\" height=\"1654\" srcset=\"http:\/\/www.karate-sochaczew.pl\/wp-content\/uploads\/2018\/05\/letnia-akademia-2018.jpg 2339w, http:\/\/www.karate-sochaczew.pl\/wp-content\/uploads\/2018\/05\/letnia-akademia-2018-300x212.jpg 300w, http:\/\/www.karate-sochaczew.pl\/wp-content\/uploads\/2018\/05\/letnia-akademia-2018-768x543.jpg 768w, http:\/\/www.karate-sochaczew.pl\/wp-content\/uploads\/2018\/05\/letnia-akademia-2018-1024x724.jpg 1024w\" sizes=\"(max-width: 2339px) 100vw, 2339px\" \/><\/p>\n","protected":false},"excerpt":{"rendered":"","protected":false},"author":1,"featured_media":0,"comment_status":"closed","ping_status":"closed","sticky":false,"template":"","format":"standard","meta":[],"categories":[1,18],"tags":[],"_links":{"self":[{"href":"http:\/\/www.karate-sochaczew.pl\/index.php\/wp-json\/wp\/v2\/posts\/841"}],"collection":[{"href":"http:\/\/www.karate-sochaczew.pl\/index.php\/wp-json\/wp\/v2\/posts"}],"about":[{"href":"http:\/\/www.karate-sochaczew.pl\/index.php\/wp-json\/wp\/v2\/types\/post"}],"author":[{"embeddable":true,"href":"http:\/\/www.karate-sochaczew.pl\/index.php\/wp-json\/wp\/v2\/users\/1"}],"replies":[{"embeddable":true,"href":"http:\/\/www.karate-sochaczew.pl\/index.php\/wp-json\/wp\/v2\/comments?post=841"}],"version-history":[{"count":1,"href":"http:\/\/www.karate-sochaczew.pl\/index.php\/wp-json\/wp\/v2\/posts\/841\/revisions"}],"predecessor-version":[{"id":842,"href":"http:\/\/www.karate-sochaczew.pl\/index.php\/wp-json\/wp\/v2\/posts\/841\/revisions\/842"}],"wp:attachment":[{"href":"http:\/\/www.karate-sochaczew.pl\/index.php\/wp-json\/wp\/v2\/media?parent=841"}],"wp:term":[{"taxonomy":"category","embeddable":true,"href":"http:\/\/www.karate-sochaczew.pl\/index.php\/wp-json\/wp\/v2\/categories?post=841"},{"taxonomy":"post_tag","embeddable":true,"href":"http:\/\/www.karate-sochaczew.pl\/index.php\/wp-json\/wp\/v2\/tags?post=841"}],"curies":[{"name":"wp","href":"https:\/\/api.w.org\/{rel}","templated":true}]}}